{"id":10708,"date":"2015-01-11T16:50:50","date_gmt":"2015-01-11T15:50:50","guid":{"rendered":"http:\/\/www.abc-berlin.net\/?p=10708"},"modified":"2015-01-17T22:47:15","modified_gmt":"2015-01-17T21:47:15","slug":"das-stuermische-gewitter-der-pandora","status":"publish","type":"post","link":"https:\/\/www.abc-berlin.net\/2008\/das-stuermische-gewitter-der-pandora","title":{"rendered":"Das st\u00fcrmische Gewitter der Pandora"},"content":{"rendered":"<p><a href=\"http:\/\/www.abc-berlin.net\/wp-content\/uploads\/2014\/10\/Solidarit\u00e4t-mit-den-in-Barcelona-verhafteten-Anarchisten.png\" rel=\"lightbox[10708]\"><img loading=\"lazy\" class=\"alignright  wp-image-10381\" src=\"http:\/\/www.abc-berlin.net\/wp-content\/uploads\/2014\/10\/Solidarit\u00e4t-mit-den-in-Barcelona-verhafteten-Anarchisten-176x250.png\" alt=\"Solidarit\u00e4t mit den in Barcelona verhafteten Anarchist_innen - Operation Pandora\" width=\"160\" height=\"227\" srcset=\"https:\/\/www.abc-berlin.net\/2008\/wp-content\/uploads\/2014\/10\/Solidarit\u00e4t-mit-den-in-Barcelona-verhafteten-Anarchisten-176x250.png 176w, https:\/\/www.abc-berlin.net\/2008\/wp-content\/uploads\/2014\/10\/Solidarit\u00e4t-mit-den-in-Barcelona-verhafteten-Anarchisten-424x600.png 424w, https:\/\/www.abc-berlin.net\/2008\/wp-content\/uploads\/2014\/10\/Solidarit\u00e4t-mit-den-in-Barcelona-verhafteten-Anarchisten.png 600w\" sizes=\"(max-width: 160px) 100vw, 160px\" \/><\/a><span class=\"dropcap\">F<\/span>\u00fcr unsere Leute, an alle bekannten und unbekannten Gef\u00e4hrt_innen welche die anarchistischen Ideen umarmen und an alle solidarischen und interessierten Menschen<\/p>\n<p>Am <a title=\"Solidarit\u00e4t mit den elf verhafteten Anarchist_innen in Spanien\" href=\"http:\/\/www.abc-berlin.net\/solidaritat-mit-den-elf-verhafteten-anarchist_innen-in-spanien\" target=\"_blank\">fr\u00fchen Morgen des 16. Dezembers<\/a> fiel ein gro\u00dfes Polizeiaufgebot in die barcelonensischen Viertel San Andreu, Poble Sec und Gracia, sowie in Manresa, Sabadell und in das Viertel Carabanchel in Madrid ein. Mit dem Schrei \u201ePolizei\u201c wurden unsere H\u00e4user gest\u00fcrmt und nach einer akribischen Durchsuchung dieser wurden wir 11 Anarchist_innen festgenommen. Zur selben Zeit wurden die sozialen Zentren in Poble Sec, San Andreu, das besetzte Haus Kasa de la Muntanya und das Haus einiger Gef\u00e4hrt_innen ebenfalls gest\u00fcrmt und durchsucht, ohne dass es dabei weitere Festnahmen gab.<\/p>\n<p>Als die Bullen mit dem Herumw\u00fchlen, Filmen und Einsammeln angeblicher Beweise fertig waren, wurden wir getrennt in verschiedene Wachen in der Umgebung Barcelonas gefahren mit dem Ziel jede solidarische Geste zu erschweren. 48 Stunden sp\u00e4ter wurden wir 600 Kilometer weit nach Madrid zum Sondergerichtshof f\u00fcr nationale Angelegenheiten gebracht. Nach langen Stunden des Wartens, in denen die gegenseitige Feindseligkeit die Luft in Scheiben schnitt, wurden vier von uns unter Auflagen freigelassen und f\u00fcr sieben aufgrund der Vorw\u00fcrfe der Gr\u00fcndung, Bewerbung, Verwaltung und Mitgliedschaft in einer terroristischen Organisation, sowie Besitz und Sachbesch\u00e4digung durch entz\u00fcndbare Artefakte, U-Haft angeordnet.<\/p>\n<p>Zun\u00e4chst wurden wir alle in den gro\u00dfen Knast Soto de Real (Madrid) gebracht und man legte uns FIES 3 auf (stark verk\u00fcrzt: Isolationshaft Stufe 3), welche f\u00fcr Zugeh\u00f6rige bewaffneter Gruppen vorgesehen ist. Unsere ganze Kommunikation wird kontrolliert und obwohl wir uneingeschr\u00e4nkt Post empfangen d\u00fcrfen, k\u00f6nnen wir selbst nur 2 Briefe pro Woche schreiben.<\/p>\n<p>Unsere Verhaftung passierte im Rahmen der <a href=\"http:\/\/www.abc-berlin.net\/tag\/operation-pandora\" target=\"_blank\">Polizeioperation \u201ePandora\u201c<\/a>, die zusammen von dem Sondergerichtshof und der katalanischen Polizei Mossos d&#8217; Esquadra gesteuert wurde und sich gegen eine fiktive terroristische Vereinigung richtet, welche f\u00fcr einige Aktionen verantwortlich gemacht werden, die uns immer noch unbekannt sind. Diesen letzten Repressionsschlag verstehen wir als eine Attacke auf anarchistische Ideen und Praktiken in einem Moment, in welchem der Staat einen internen Feind braucht, um eine Serie von Ma\u00dfnahmen zu rechtfertigen, die immer unterdr\u00fcckender und repressiver werden und die Formen des aktuellen Totalitarismus st\u00e4rken.<\/p>\n<p>Vor dem Hintergrund der Krise und der Unsicherheit erlebten wir die Versch\u00e4rfung der Grenzkontrollen und rassistischer Razzien, Zwangsr\u00e4umungen, heteropatriarchialer Gewalt und Arbeitsausbeutung, etc. Das ruft immer elender werdende Lebenskonditionen f\u00fcr die gro\u00dfe Mehrheit hervor.<\/p>\n<p>Diese kalten Mauern, hinter denen wir eingesperrt sind, verstecken das L\u00e4cheln welches wir in unseren Gesichtern hatten, als wir mitbekommen haben, dass Familienangeh\u00f6rige, Freunde und Gef\u00e4hrt_innen vor den T\u00fcren der Wachen und des Sondergerichtshofs ausharrten und uns somit trotz der K\u00e4lte und der Distanz beistanden. Ebenso erf\u00fcllt es uns mit Freude zu wissen, dass es eine gro\u00dfe solidarische und k\u00e4mpferische Demonstration in Barcelona und anderswo gab, Gesten die uns Kraft und St\u00e4rke geben sich dieser Situation w\u00fcrdevoll zu stellen.<\/p>\n<p>Wir schicken einen k\u00e4mpferischen und solidarischen Gru\u00df an <a href=\"http:\/\/www.abc-berlin.net\/tag\/francisco-solar\" target=\"_blank\">Francisco Solar<\/a>, <a href=\"http:\/\/www.abc-berlin.net\/tag\/monica-caballero\" target=\"_blank\">M\u00f3nica Caballero<\/a>, <a href=\"http:\/\/www.abc-berlin.net\/tag\/gabriel-pombo-da-silva\" target=\"_blank\">Gabriel Pombo Da Silva<\/a> und an alle Unbez\u00e4hmbaren, welche trotz der aufgezwungenen Grenzen, der Einsperrung und der Schwierigkeiten den Kopf nicht senken und weiterhin auf den Kampf setzen.<\/p>\n<p><strong>Unser Herz bleibt bei euch.<\/strong><br \/>\n<strong>Jetzt und immer, Tod dem Staat und es lebe die Anarchie!<\/strong><\/p>\n","protected":false},"excerpt":{"rendered":"<p>Am fr\u00fchen Morgen des 16. Dezembers fiel ein gro\u00dfes Polizeiaufgebot in die barcelonensischen Viertel San Andreu, Poble Sec und Gracia, sowie in Manresa, Sabadell und in das Viertel Carabanchel in Madrid ein.<\/p>\n","protected":false},"author":3,"featured_media":10389,"comment_status":"closed","ping_status":"open","sticky":false,"template":"","format":"standard","meta":{"_links_to":"","_links_to_target":""},"categories":[297,9,438],"tags":[52,657,366,155],"_links":{"self":[{"href":"https:\/\/www.abc-berlin.net\/2008\/wp-json\/wp\/v2\/posts\/10708"}],"collection":[{"href":"https:\/\/www.abc-berlin.net\/2008\/wp-json\/wp\/v2\/posts"}],"about":[{"href":"https:\/\/www.abc-berlin.net\/2008\/wp-json\/wp\/v2\/types\/post"}],"author":[{"embeddable":true,"href":"https:\/\/www.abc-berlin.net\/2008\/wp-json\/wp\/v2\/users\/3"}],"replies":[{"embeddable":true,"href":"https:\/\/www.abc-berlin.net\/2008\/wp-json\/wp\/v2\/comments?post=10708"}],"version-history":[{"count":3,"href":"https:\/\/www.abc-berlin.net\/2008\/wp-json\/wp\/v2\/posts\/10708\/revisions"}],"predecessor-version":[{"id":10777,"href":"https:\/\/www.abc-berlin.net\/2008\/wp-json\/wp\/v2\/posts\/10708\/revisions\/10777"}],"wp:featuredmedia":[{"embeddable":true,"href":"https:\/\/www.abc-berlin.net\/2008\/wp-json\/wp\/v2\/media\/10389"}],"wp:attachment":[{"href":"https:\/\/www.abc-berlin.net\/2008\/wp-json\/wp\/v2\/media?parent=10708"}],"wp:term":[{"taxonomy":"category","embeddable":true,"href":"https:\/\/www.abc-berlin.net\/2008\/wp-json\/wp\/v2\/categories?post=10708"},{"taxonomy":"post_tag","embeddable":true,"href":"https:\/\/www.abc-berlin.net\/2008\/wp-json\/wp\/v2\/tags?post=10708"}],"curies":[{"name":"wp","href":"https:\/\/api.w.org\/{rel}","templated":true}]}}