{"id":10936,"date":"2015-03-30T18:30:29","date_gmt":"2015-03-30T17:30:29","guid":{"rendered":"http:\/\/www.abc-berlin.net\/?p=10936"},"modified":"2015-04-14T22:52:32","modified_gmt":"2015-04-14T21:52:32","slug":"spanische-polizei-verhaftet-27-personen-in-einer-operation-gegen-anarchistische-gruppen","status":"publish","type":"post","link":"https:\/\/www.abc-berlin.net\/2008\/spanische-polizei-verhaftet-27-personen-in-einer-operation-gegen-anarchistische-gruppen","title":{"rendered":"Spanische Polizei verhaftet 27 Personen in einer Operation gegen anarchistische Gruppen"},"content":{"rendered":"<div class=\"content\">\n<p><a href=\"http:\/\/www.abc-berlin.net\/wp-content\/uploads\/2015\/03\/quimera.jpg\" rel=\"lightbox[10936]\"><img loading=\"lazy\" class=\"alignright size-medium wp-image-10938\" src=\"http:\/\/www.abc-berlin.net\/wp-content\/uploads\/2015\/03\/quimera-250x129.jpg\" alt=\"quimera\" width=\"250\" height=\"129\" srcset=\"https:\/\/www.abc-berlin.net\/2008\/wp-content\/uploads\/2015\/03\/quimera-250x129.jpg 250w, https:\/\/www.abc-berlin.net\/2008\/wp-content\/uploads\/2015\/03\/quimera-600x309.jpg 600w, https:\/\/www.abc-berlin.net\/2008\/wp-content\/uploads\/2015\/03\/quimera.jpg 960w\" sizes=\"(max-width: 250px) 100vw, 250px\" \/><\/a><span class=\"dropcap\">Q<\/span>uellen des spanischen Innenministeriums haben bekannt gegeben, dass die Nationale Polizei in Zusammenarbeit mit der Informationsbrigade aus Madrid, Barcelona, Palencia und Granada seit heute Morgen um sechs Uhr eine Operation gegen AnarchistInnen durchgef\u00fchrt hat. Bis jetzt wurden 13 Personen festgenommen, die beschuldigt sind, Mitglieder einer kriminellen Organisation mit terroristischen Zielen zu sein.<\/p>\n<p>W\u00e4hrend den Hausdurchsuchungen von sechs sozialen Zentren und elf Wohnungen, wurden 14 weitere Personen wegen Widerstand gegen die Hausdurchsuchungen festgenommen.<\/p>\n<p>In Madrid wurde das selbstverwaltete und besetzte Zentrum La Quimera durchsucht. In Granada war auch das besetzte Haus La Redonda betroffen, wo es bis jetzt angeblich keinen Durchsuchungsbefehl gegeben hat. In Barcelona gab es zwei Festnahmen in den Bezirken von Poble Sec und Sant Andreu de Palomar.<\/p>\n<p>Laut der Polizei, seien alle Festgenommenen Mitglieder der Grupos Anarquistas Coordinados\/GAC (koordinierte anarchistische Gruppen). Es wird ihnen vorgeworfen sich an Sabotagen beteiligt zu haben, Brands\u00e4tze und Sprengs\u00e4tze gebaut, sowie gelegt zu haben. Die heutigen Festnahmen, welche unter den Namen von Operation Pi\u00f1ata laufen, sind vom Richter Eloy Velasco angeordnet, Amtstr\u00e4ger der Audiencia Nacional (Sondergerichtshof f\u00fcr die Bek\u00e4mpfung von Terrorismus).<\/p>\n<p>Im Dezember 2014 gab es eine Operation gegen die GAC, die den Namen <a href=\"http:\/\/www.abc-berlin.net\/tag\/operation-pandora\" target=\"_blank\">Operation Pandora<\/a> trug. Dieses Mal wurde sie aber von der regionalen Polizei von Katalonien durchgef\u00fchrt (Mossos d&#8217;Esquadra) und nicht landesweit von der Nationalen Polizei.<\/p>\n<p>Ein Gro\u00dfteil der Operation fand in Madrid statt, wo es auch neun Festnahmen gab. Diese Festnahmen finden drei Monate nach der Verhaftung von 10 Personen in und um Barcelona und einer weiteren in Madrid gegen die anarchistische Bewegung statt. Auch gegen sie galt der Grund daf\u00fcr Mitglieder der GAC zu sein. Mittlerweile sind alle Beschuldigten <a title=\"Alle Verhafteten der Operation Pandora sind auf freiem Fuss\" href=\"http:\/\/www.abc-berlin.net\/alle-verhafteten-der-operation-pandora-sind-auf-freiem-fuss\" target=\"_blank\">im Januar unter einer Kaution von 3.000 Euro und unter strengen Auflagen freigelassen worden<\/a>.<\/p>\n<p>Auch die beiden AnarchistInnen aus Chile (<a href=\"http:\/\/www.abc-berlin.net\/tag\/monica-caballero\" target=\"_blank\">Monica<\/a> und <a href=\"http:\/\/www.abc-berlin.net\/tag\/francisco-solar\" target=\"_blank\">Francisco<\/a>) die angeblich in Verbindung zu den GAC stehen, sitzen seit \u00fcber 18 Monaten im Knast. Ihnen wird vorgeworfen Sprengs\u00e4tze gegen eine Kirche und einem Dom gelegt zu haben.<\/p>\n<p>In Spanien gibt es eine lange Tradition f\u00fcr Repression gegen AnarchistInnen, KommunistInnen, sowie nationale Befreiungsbewegungen. Jede Form von Widerstand will die Regierung im Keim ersticken, jeden Akt der Rebellion und Revolte mit harten Antiterrorgesetzen, Repression und langen Knasturteilen strangulieren.<\/p>\n<p><strong>Solidarit\u00e4t mit allen Gefangenen, egal ob schuldig oder unschuldig.<\/strong><br \/>\n<strong>Nieder mit allen Regierungen, Staaten, Gef\u00e4ngnissen und dem Kapitalismus.<\/strong><\/p>\n<p style=\"text-align: right;\"><em>Ein paar AnarchistInnen aus Berlin<\/em><\/p>\n<\/div>\n","protected":false},"excerpt":{"rendered":"<p>Quellen des spanischen Innenministeriums haben bekannt gegeben, dass die Nationale Polizei in Zusammenarbeit mit der Informationsbrigade aus Madrid, Barcelona, Palencia und Granada seit heute Morgen um sechs Uhr eine Operation gegen AnarchistInnen durchgef\u00fchrt hat.<\/p>\n","protected":false},"author":3,"featured_media":10938,"comment_status":"closed","ping_status":"open","sticky":false,"template":"","format":"standard","meta":{"_links_to":"","_links_to_target":""},"categories":[297,438],"tags":[151,693,366,155,40],"_links":{"self":[{"href":"https:\/\/www.abc-berlin.net\/2008\/wp-json\/wp\/v2\/posts\/10936"}],"collection":[{"href":"https:\/\/www.abc-berlin.net\/2008\/wp-json\/wp\/v2\/posts"}],"about":[{"href":"https:\/\/www.abc-berlin.net\/2008\/wp-json\/wp\/v2\/types\/post"}],"author":[{"embeddable":true,"href":"https:\/\/www.abc-berlin.net\/2008\/wp-json\/wp\/v2\/users\/3"}],"replies":[{"embeddable":true,"href":"https:\/\/www.abc-berlin.net\/2008\/wp-json\/wp\/v2\/comments?post=10936"}],"version-history":[{"count":3,"href":"https:\/\/www.abc-berlin.net\/2008\/wp-json\/wp\/v2\/posts\/10936\/revisions"}],"predecessor-version":[{"id":10945,"href":"https:\/\/www.abc-berlin.net\/2008\/wp-json\/wp\/v2\/posts\/10936\/revisions\/10945"}],"wp:featuredmedia":[{"embeddable":true,"href":"https:\/\/www.abc-berlin.net\/2008\/wp-json\/wp\/v2\/media\/10938"}],"wp:attachment":[{"href":"https:\/\/www.abc-berlin.net\/2008\/wp-json\/wp\/v2\/media?parent=10936"}],"wp:term":[{"taxonomy":"category","embeddable":true,"href":"https:\/\/www.abc-berlin.net\/2008\/wp-json\/wp\/v2\/categories?post=10936"},{"taxonomy":"post_tag","embeddable":true,"href":"https:\/\/www.abc-berlin.net\/2008\/wp-json\/wp\/v2\/tags?post=10936"}],"curies":[{"name":"wp","href":"https:\/\/api.w.org\/{rel}","templated":true}]}}