{"id":1729,"date":"2010-01-13T02:28:41","date_gmt":"2010-01-13T01:28:41","guid":{"rendered":"http:\/\/www.abc-berlin.net\/?p=1729"},"modified":"2013-01-17T00:09:34","modified_gmt":"2013-01-16T23:09:34","slug":"thomas-meyer-falk-boehse-onkelz-hoffaehig-im-knast","status":"publish","type":"post","link":"https:\/\/www.abc-berlin.net\/2008\/thomas-meyer-falk-boehse-onkelz-hoffaehig-im-knast","title":{"rendered":"Thomas Meyer-Falk: Boehse Onkelz hoff\u00e4hig im Knast?"},"content":{"rendered":"<p><a href=\"http:\/\/www.abc-berlin.net\/wp-content\/uploads\/2009\/06\/faust-durchs-gitter.jpg\" rel=\"lightbox[1729]\"><img loading=\"lazy\" class=\"alignleft size-full wp-image-662\" title=\"faust-durchs-gitter\" alt=\"faust-durchs-gitter\" src=\"http:\/\/www.abc-berlin.net\/wp-content\/uploads\/2009\/06\/faust-durchs-gitter.jpg\" width=\"115\" height=\"120\" \/><\/a>Alle Jahre wieder gr\u00fc\u00dft der Anstaltsleiter der JVA Bruchsal die Gefangenen und Bediensteten via Aushang; wobei er nicht immer ein gl\u00fcckliches H\u00e4ndchen beweist (vgl. <a href=\"http:\/\/de.indymedia.org\/2003\/12\/70907.shtml\" target=\"_blank\">seine Botschaft im Dezember 2003<\/a>). Dem leitenden Regierungsdirektor Thomas M\u00dcLLER, besoldet nach Besoldungsgruppe A16 mit \u00fcber 5.000 Euro pro Monat, gefiel es, auch 2009 einen Gru\u00df unters Volk zu bringen. Er lie\u00df auf buntem, weihnachtlich geschm\u00fccktem Hochglanzpapier verbreiten, er w\u00fcnsche allen \u201eruhige und friedvolle\u201c Tage, wie auch f\u00fcr \u201edas Neue Jahr 2010 Gesundheit, Gl\u00fcck und Erfolg\u201c.<br \/>\nSo einfallslos dieser Teil, umso brisanter das dem Gru\u00df vorangestellte Zitat, welches er einem \u201eAnonymus\u201c als Autor zuschrieb.<br \/>\n\u201e<em>Ich trinke auf gute Freunde, verlorene Lieben,<br \/>\nauf alte G\u00f6tter und neue Ziele.<br \/>\nAuf den ganz normalen Wahnsinn<br \/>\nund auf das, was einmal war.<br \/>\nDarauf, dass alles endet<br \/>\nund auf ein neues Jahr!<\/em>\u201c<\/p>\n<p><!--more-->Dank Hinweisen und Recherchen von ABC konnte der Autor des Zitats in Erfahrung gebracht werden: Es wurde dem Song der ber\u00fcchtigten Band Boehse Onkelz, \u201eAuf gute Freunde\u201c (CD: \u201eGestern war Heute noch Morgen\u201c) entnommen. Einer Band, deren erstes Album prompt 1986 verboten wurde, da es \u201etendenziell nationalsozialistische, gewaltverherrlichende und sexistische Texte\u201c (vgl. F.A.Z. 09.01.2010, S. 9) enthielt, deren Musiker in Frankfurt Ausl\u00e4nder misshandelten.<\/p>\n<p>Insbesondere rechts eingestellte Gefangene und\/oder Bedienstete werden das Zitat vielleicht erkannt haben. Man kann sich vorstellen, was diese Klientel sich denkt, wenn der Leiter des Knastes, Herr M\u00fcller, ein Zitat gerade dieser Band verbreitet. Und linke Gefangene, sowie nicht-deutsche Insassen, sie alle fragen sich, was wohl zu erwarten ist von jemandem, der Boehse Onkelz zitierf\u00e4hig f\u00fcr einen Weihnachtsgru\u00df erachtet.<\/p>\n<p>Nun mag sich, ich wei\u00df es nicht, der Herr Thomas M\u00fcller damit verteidigen, er habe nicht um die Provenienz des Zitats gewusst; er ist jedoch Volljurist, war fr\u00fcher Staatsanwalt! Und schon im Studium lernt man: Unwissenheit sch\u00fctzt vor Strafe nicht. Eine simple Recherche (z. B. via google) h\u00e4tte gen\u00fcgt, um den Hintergrund zu erhellen. Aber vielleicht h\u00f6rt er auch \u201eblo\u00df\u201c gerne die Boehsen Onkelz?<\/p>\n<p>Jetzt warten die Insassen gespannt auf den n\u00e4chsten Coup des Herrn Leitenden Regierungsdirektors, wen wird er n\u00e4chstes Mal zitieren&#8230;<\/p>\n<p>Thomas Meyer-Falk<br \/>\nc\/o JVA \u2013 Z. 3113<br \/>\nSch\u00f6nbornstr. 32<br \/>\nD-76646 Bruchsal<\/p>\n<p><a href=\"http:\/\/freedom-for-thomas.de\/thomas\/\" target=\"_blank\">www.freedom-for-thomas.de<\/a><br \/>\n<a href=\"http:\/\/www.freedomforthomas.wordpress.com\" target=\"_blank\">www.freedomforthomas.wordpress.com <\/a><\/p>\n","protected":false},"excerpt":{"rendered":"<p>Alle Jahre wieder gr\u00fc\u00dft der Anstaltsleiter der JVA Bruchsal die Gefangenen und Bediensteten via Aushang; wobei er nicht immer ein gl\u00fcckliches H\u00e4ndchen beweist (vgl. seine Botschaft im Dezember 2003). Dem leitenden Regierungsdirektor Thomas M\u00dcLLER, besoldet nach Besoldungsgruppe A16 mit&#46;&#46;&#46;<\/p>\n","protected":false},"author":3,"featured_media":0,"comment_status":"closed","ping_status":"closed","sticky":false,"template":"","format":"standard","meta":{"_links_to":"","_links_to_target":""},"categories":[9],"tags":[267,14,106],"_links":{"self":[{"href":"https:\/\/www.abc-berlin.net\/2008\/wp-json\/wp\/v2\/posts\/1729"}],"collection":[{"href":"https:\/\/www.abc-berlin.net\/2008\/wp-json\/wp\/v2\/posts"}],"about":[{"href":"https:\/\/www.abc-berlin.net\/2008\/wp-json\/wp\/v2\/types\/post"}],"author":[{"embeddable":true,"href":"https:\/\/www.abc-berlin.net\/2008\/wp-json\/wp\/v2\/users\/3"}],"replies":[{"embeddable":true,"href":"https:\/\/www.abc-berlin.net\/2008\/wp-json\/wp\/v2\/comments?post=1729"}],"version-history":[{"count":6,"href":"https:\/\/www.abc-berlin.net\/2008\/wp-json\/wp\/v2\/posts\/1729\/revisions"}],"predecessor-version":[{"id":8469,"href":"https:\/\/www.abc-berlin.net\/2008\/wp-json\/wp\/v2\/posts\/1729\/revisions\/8469"}],"wp:attachment":[{"href":"https:\/\/www.abc-berlin.net\/2008\/wp-json\/wp\/v2\/media?parent=1729"}],"wp:term":[{"taxonomy":"category","embeddable":true,"href":"https:\/\/www.abc-berlin.net\/2008\/wp-json\/wp\/v2\/categories?post=1729"},{"taxonomy":"post_tag","embeddable":true,"href":"https:\/\/www.abc-berlin.net\/2008\/wp-json\/wp\/v2\/tags?post=1729"}],"curies":[{"name":"wp","href":"https:\/\/api.w.org\/{rel}","templated":true}]}}