{"id":2682,"date":"2010-10-24T23:17:05","date_gmt":"2010-10-24T21:17:05","guid":{"rendered":"http:\/\/www.abc-berlin.net\/?p=2682"},"modified":"2011-03-20T00:37:56","modified_gmt":"2011-03-19T23:37:56","slug":"zwei-briefe-von-thomas","status":"publish","type":"post","link":"https:\/\/www.abc-berlin.net\/2008\/zwei-briefe-von-thomas","title":{"rendered":"Zwei Briefe von Thomas"},"content":{"rendered":"<p><a href=\"http:\/\/www.abc-berlin.net\/wp-content\/uploads\/2010\/10\/freiheit-fuer-thomas.png\" rel=\"lightbox[2682]\"><img loading=\"lazy\" src=\"http:\/\/www.abc-berlin.net\/wp-content\/uploads\/2010\/10\/freiheit-fuer-thomas-250x212.png\" alt=\"\" title=\"freiheit-fuer-thomas\" width=\"200\" height=\"170\" class=\"alignright size-medium wp-image-2692\" srcset=\"https:\/\/www.abc-berlin.net\/2008\/wp-content\/uploads\/2010\/10\/freiheit-fuer-thomas-250x212.png 250w, https:\/\/www.abc-berlin.net\/2008\/wp-content\/uploads\/2010\/10\/freiheit-fuer-thomas-600x510.png 600w, https:\/\/www.abc-berlin.net\/2008\/wp-content\/uploads\/2010\/10\/freiheit-fuer-thomas.png 700w\" sizes=\"(max-width: 200px) 100vw, 200px\" \/><\/a>Thomas befindet sich bereits \u00fcber sechs Wochen hinter den grauen Mauern des Knastes in Berlin-Moabit. Festgenommen wurde er in den Morgenstunden des 10. September, unter dem Vorwurf der ver\u00adsuch\u00adten Brand\u00adstif\u00adtung an einem PKW. Die Soligruppe hat zwei Briefe von Thomas ver\u00f6ffentlicht, die wir hiermit weiter verbreiten und zur Solidarit\u00e4t und Unterst\u00fctzung aufrufen.<\/p>\n<p><strong>Schreibt ihm Briefe und Karten:<\/strong><\/p>\n<p><em>Buch\u00adla\u00adden Schwar\u00adze Risse<br \/>\nGnei\u00adsen\u00adaus\u00adtr. 2a<br \/>\n10961 Ber\u00adlin<br \/>\nMit einem Ver\u00admerk: f\u00fcr Tho\u00admas<\/em><\/p>\n<p>Kontakt zur Soligruppe: <a href=\"http:\/\/www.freiheitfuerthomas.blogsport.de\" target=\"blank\">www.freiheitfuerthomas.blogsport.de<\/a><\/p>\n<p><strong>Brief vom 02.\u200b10.\u200b2010:<\/strong><\/p>\n<blockquote><p>    Hallo an alle die da drau\u00ad\u00dfen hin\u00adter den Mau\u00adern, die mich un\u00adter\u00adst\u00fct\u00adzen, oder das noch vor\u00adha\u00adben!<\/p>\n<p>    Nach\u00addem ich dem Haft\u00adrich\u00adter vor\u00adge\u00adf\u00fchrt wurde kam ich von Frei\u00adtag (10.\u200b09.) bis Mon\u00adtag (13.\u200b09.) in den Zu\u00adgang einer 2er Zelle.<br \/>\n<!--more--><br \/>\n    Mon\u00adtag ging es dann auf Sta\u00adti\u00adon, wo ich meine ei\u00adge\u00adnen Sa\u00adchen er\u00adhielt und zum Arzt usw. muss\u00adte. Seit dem hatte ich eine Be\u00adgeg\u00adnungs\u00adzel\u00adle, das hei\u00dft so ca. 2 mal 8 qm mit so einem Tor\u00adbo\u00adgen in der Mitte. Die W\u00e4nde haben ein tol\u00adles gelb (war be\u00adstimmt mal wei\u00df), ein Klo auf jeder Seite, ein Bett, ein Schrank, ein Wasch\u00adbe\u00adcken, ein Tisch, ein Radio und ein TV.<\/p>\n<p>    Der Tag f\u00e4ngt um 6 Uhr an mit M\u00fcll, dann Fr\u00fch\u00adst\u00fc\u00adcken, zwi\u00adschen 8 Uhr und 11 Uhr ist eine Stun\u00adde Hof\u00adgang also jede Woche an\u00adders, um 11:30 Uhr ist dann Mit\u00adtag und 2 Stun\u00adden Auf\u00adschluss, wo man du\u00adschen oder mit an\u00adde\u00adren auf der Sta\u00adti\u00adon la\u00adbern kann. Dann um 13:30 Uhr geht die T\u00fcr wie\u00adder zu und um 14:30 Uhr gibt es dann Abend\u00adbrot. Dann ist der Tag auch schon wie\u00adder vor\u00adbei, also man guckt TV, liest, schreibt Brie\u00adfe, macht sich \u00b4n Brot und was einem sonst noch so ein\u00adf\u00e4llt. So ist der Ta\u00adges\u00adab\u00adlauf im F\u00fcnf-\u200bSter\u00adne-\u200bHo\u00adtel hin\u00adter der di\u00adcken Mauer. \u00c4rzt\u00adli\u00adche Ver\u00adsor\u00adgung ist in der JVA Mo\u00adabit sehr mau, man war\u00adtet 1-2 Wo\u00adchen teil\u00adwei\u00adse, es sei denn man ist am Ster\u00adben.<\/p>\n<p>    Zu mei\u00adnem Zu\u00adstand, ich sage mal so sehr schwan\u00adkend und ich w\u00e4re lie\u00adber drau\u00ad\u00dfen als hier. Aber hoffe das ist bald wie\u00adder so und ich kann wie\u00adder mit euch da drau\u00ad\u00dfen chil\u00adlen.<\/p>\n<p>    Ich m\u00f6ch\u00adte mich noch ganz Doll be\u00addan\u00adken bei euch da drau\u00ad\u00dfen, was ihr alles f\u00fcr mich macht, macht wei\u00adter so. Dann wollt ich mich noch f\u00fcr die vie\u00adlen Post\u00adkar\u00adten und Texte be\u00addan\u00adken, die ihr mir ge\u00adschickt habt. Es ist immer sehr auf\u00adbau\u00adend was von euch zu h\u00f6ren bzw. zu lesen. Macht wei\u00adter so, ihr seid die bes\u00adten Freun\u00adde, Be\u00adkann\u00adten und die, die ich nicht kenne auf die\u00adser Welt.<\/p>\n<p>    Nun wollt ich noch sagen, was ihr aber wahr\u00adschein\u00adlich schon wisst, es gibt eine So\u00adli-\u200bPa\u00adge f\u00fcr mich. Da be\u00addan\u00adke ich mich auch bei den Ma\u00adchern und allen die da Mit\u00adwir\u00adken. Ge\u00adnau\u00adso bei den Leu\u00adten, die Spen\u00adden f\u00fcr Ver\u00adfah\u00adrens\u00adkos\u00adten. Ich denke allen ist klar, dass so was nicht das g\u00fcns\u00adtigs\u00adte ist. Da ist man \u00fcber jeden Cent froh. So ich hoffe ich habe nichts ver\u00adges\u00adsen. Also Leute: Macht wei\u00adter so und glaubt nicht alles aus den Me\u00addi\u00aden, aber das macht ihr denke ich mal ja so\u00adwie\u00adso nicht.<\/p><\/blockquote>\n<p><strong>Brief vom 19.\u200b10.\u200b2010:<\/strong><\/p>\n<blockquote><p>Hi ihr da drau\u00ad\u00dfen,<br \/>\nErst mal ein klei\u00adner Text wie es mir geht und was sich ver\u00ad\u00e4n\u00addert hat.<\/p>\n<p>Also ich durf\u00adte bzw. muss\u00adte vor ca. 1ner Woche um\u00adzie\u00adhen oder wie man hier sagt Zwangs\u00adver\u00adle\u00adgung. Ich war lei\u00adder so dumm die Not\u00adge\u00admein\u00adschaft auf\u00adzu\u00adhe\u00adben, sprich ich muss\u00adte einen Text schrei\u00adben, dass ich mich nicht um\u00adbrin\u00adge usw. Der Grund f\u00fcr das Ganze war mein Zel\u00adlen\u00adge\u00adnos\u00adse mit dem ich ei\u00adni\u00adge Pro\u00adble\u00adme hatte, be\u00adz\u00fcg\u00adlich der Nacht\u00adru\u00adhe und all\u00adge\u00admei\u00adner Hy\u00adgie\u00adne. Wenn ein Klo eine Sp\u00fcle hat, soll\u00adte diese auch ge\u00adnutzt wer\u00adden oder? Des\u00adhalb habe ich einen An\u00adtrag auf Ein\u00adzel\u00adhaft ge\u00adstellt und ge\u00addacht ich blei\u00adbe auf Sta\u00adti\u00adon, aber falsch ge\u00addacht.<\/p>\n<p>Den einen Mor\u00adgen hie\u00df es Sa\u00adchen pa\u00adcken, ich mich na\u00adt\u00fcr\u00adlich ge\u00adfreut aber denks\u00adte. Nach dem ich ge\u00adpackt hatte kam die Jus\u00adtiz\u00adfrau wie\u00adder mit \u00b4nem Wagen, da wuss\u00adte ich schei\u00ad\u00dfe an\u00adde\u00adre Sta\u00adti\u00adon. Naja und nun bin ich von der \u201eTer\u00admin\u00adver\u00ads\u00e4u\u00admer\u00adsta\u00adti\u00adon\u201c auf die U-\u200bHaft Sta\u00adti\u00adon. Der Un\u00adter\u00adschied ist, statt 10 \u2013 15 Leute sind es nun 30 \u2013 40. Der Hof beim Hof\u00adgang ist 4mal klei\u00adner und die Leute sind halt nen Ta\u00adcken kras\u00adser. Te\u00adle\u00adfo\u00adnie\u00adren darf ich nur alle 14 Tage und naja der Rest ist re\u00adla\u00adtiv gleich ge\u00adblie\u00adben.<br \/>\nNaja an\u00adsons\u00adten geht es mir nach 40 Tagen so wie es einem nach 40 Tagen ohne Frei\u00adheit, ohne Freun\u00adde, ohne Fa\u00admi\u00adlie und ohne alles an\u00adde\u00adre so geht (nicht so dolle). Das ein\u00adzi\u00adge mo\u00adti\u00advie\u00adren\u00adde sind die Be\u00adsu\u00adche, eure Kar\u00adten, Brie\u00adfe und das Te\u00adle\u00adfo\u00adnie\u00adren na\u00adt\u00fcr\u00adlich, aber bei einem Anruf ist das auch nicht so der Bur\u00adner. Aber bes\u00adser als die Men\u00adschen, die man liebt gar nicht zu h\u00f6ren. An\u00adsons\u00adten kam ich am An\u00adfang nicht klar auf der Sta\u00adti\u00adon. In\u00adzwi\u00adschen (nach ein biss\u00adchen Stress) geht es aber ei\u00adni\u00adger\u00adma\u00ad\u00dfen.<\/p>\n<p>Die Zelle ist ge\u00adnau\u00adso wie vor\u00adher, also wei\u00adter\u00adhin Gelb\u00adsucht und Git\u00adter\u00adpar\u00adty. Achso, eine Bau\u00adstel\u00adle habe ich vor mei\u00adnem Fens\u00adter noch zu bie\u00adten, also der We\u00adcker ist auf 6 Uhr ge\u00adstellt. Jo sonst ist es hier lang\u00adwei\u00adlig wie immer, essen so lala und die Leute krank.<\/p>\n<p>Habe jetzt einen An\u00adtrag auf Ar\u00adbeit ge\u00adstellt (Pfui) (Koch-\u200bHaus\u00adar\u00adbei\u00adter) und ne\u00adben\u00adbei auf Sport und einem Eng\u00adlisch-\u200bSprach\u00adkurs. Hoffe aber die brau\u00adche ich nicht mehr und komme n\u00e4chs\u00adte Woche erst mal raus. Ja und das wars auch ei\u00adgent\u00adlich was sich ver\u00ad\u00e4n\u00addert hat. An\u00adsons\u00adten noch\u00admal danke f\u00fcr eure Post, die mich immer wie\u00adder er\u00adreicht, ist we\u00adnigs\u00adtens etwas im tris\u00adten Knast\u00adle\u00adben. Danke auch f\u00fcr alles was ihr da drau\u00ad\u00dfen macht, also Orga, Sau\u00adfen auf So\u00adli\u00adpar\u00adtys (k\u00f6nnt ihr ja ganz gut) und na\u00adt\u00fcr\u00adlich alles an\u00adde\u00adre.<\/p>\n<p>Na gut das war es erst ein\u00admal von mir, ich hoffe wir sehen uns bald wie\u00adder. Haut rein. Ich ver\u00admis\u00adse euch.<\/p>\n<p>Euer Tho\u00admas<\/p><\/blockquote>\n","protected":false},"excerpt":{"rendered":"<p>Thomas befindet sich bereits \u00fcber sechs Wochen hinter den grauen Mauern des Knastes in Berlin-Moabit. Festgenommen wurde er in den Morgenstunden des 10. September, unter dem Vorwurf der ver\u00adsuch\u00adten Brand\u00adstif\u00adtung an einem PKW. Die Soligruppe hat zwei Briefe von&#46;&#46;&#46;<\/p>\n","protected":false},"author":3,"featured_media":0,"comment_status":"closed","ping_status":"closed","sticky":false,"template":"","format":"standard","meta":{"_links_to":"","_links_to_target":""},"categories":[2,9],"tags":[698,41,112,131,67],"_links":{"self":[{"href":"https:\/\/www.abc-berlin.net\/2008\/wp-json\/wp\/v2\/posts\/2682"}],"collection":[{"href":"https:\/\/www.abc-berlin.net\/2008\/wp-json\/wp\/v2\/posts"}],"about":[{"href":"https:\/\/www.abc-berlin.net\/2008\/wp-json\/wp\/v2\/types\/post"}],"author":[{"embeddable":true,"href":"https:\/\/www.abc-berlin.net\/2008\/wp-json\/wp\/v2\/users\/3"}],"replies":[{"embeddable":true,"href":"https:\/\/www.abc-berlin.net\/2008\/wp-json\/wp\/v2\/comments?post=2682"}],"version-history":[{"count":17,"href":"https:\/\/www.abc-berlin.net\/2008\/wp-json\/wp\/v2\/posts\/2682\/revisions"}],"predecessor-version":[{"id":3434,"href":"https:\/\/www.abc-berlin.net\/2008\/wp-json\/wp\/v2\/posts\/2682\/revisions\/3434"}],"wp:attachment":[{"href":"https:\/\/www.abc-berlin.net\/2008\/wp-json\/wp\/v2\/media?parent=2682"}],"wp:term":[{"taxonomy":"category","embeddable":true,"href":"https:\/\/www.abc-berlin.net\/2008\/wp-json\/wp\/v2\/categories?post=2682"},{"taxonomy":"post_tag","embeddable":true,"href":"https:\/\/www.abc-berlin.net\/2008\/wp-json\/wp\/v2\/tags?post=2682"}],"curies":[{"name":"wp","href":"https:\/\/api.w.org\/{rel}","templated":true}]}}