{"id":2757,"date":"2010-12-03T13:48:12","date_gmt":"2010-12-03T11:48:12","guid":{"rendered":"http:\/\/www.abc-berlin.net\/?p=2757"},"modified":"2011-04-11T19:39:59","modified_gmt":"2011-04-11T18:39:59","slug":"veranstaltung-zum-kampf-gegen-knaeste-und-abschiebelager-in-belgien-am-9-dezember","status":"publish","type":"post","link":"https:\/\/www.abc-berlin.net\/2008\/veranstaltung-zum-kampf-gegen-knaeste-und-abschiebelager-in-belgien-am-9-dezember","title":{"rendered":"Veranstaltung zum Kampf gegen Kn\u00e4ste und Abschiebelager in Belgien am 9. Dezember"},"content":{"rendered":"<p><a href=\"http:\/\/www.abc-berlin.net\/wp-content\/uploads\/2010\/12\/belgien-infoabend.jpg\" rel=\"lightbox[2757]\"><img loading=\"lazy\" src=\"http:\/\/www.abc-berlin.net\/wp-content\/uploads\/2010\/12\/belgien-infoabend-176x250.jpg\" alt=\"Veranstaltung zum Kampf gegen Kn\u00e4ste und Abschiebelager in Belgien am 9. Dezember \" title=\"Veranstaltung zum Kampf gegen Kn\u00e4ste und Abschiebelager in Belgien am 9. Dezember \" width=\"176\" height=\"250\" class=\"alignright size-medium wp-image-2775\" srcset=\"https:\/\/www.abc-berlin.net\/2008\/wp-content\/uploads\/2010\/12\/belgien-infoabend-176x250.jpg 176w, https:\/\/www.abc-berlin.net\/2008\/wp-content\/uploads\/2010\/12\/belgien-infoabend-424x600.jpg 424w, https:\/\/www.abc-berlin.net\/2008\/wp-content\/uploads\/2010\/12\/belgien-infoabend.jpg 800w\" sizes=\"(max-width: 176px) 100vw, 176px\" \/><\/a>Belgien, kleines Land des Biers und der Schokolade, beworben als eine St\u00fctze des verbreiteten sozialen Friedens, als die Hauptstadt eines florierenden Europas. Allerdings sch\u00fcren schon seit Jahren Unruhen in den Kn\u00e4sten und inspirieren Ausbr\u00fcche und Auseinandersetzungen mit der Polizei und den Schlie\u00dfern \u2013 auf einer individuellen sowie einer kollektiven Art. Diese Unruhen finden ein Echo in bestimmten Vierteln von Br\u00fcssel und anderen St\u00e4dten, wo sich  Jugendliche \u2013 die zuk\u00fcnftige F\u00fcllmasse der Kn\u00e4ste \u2013 einen heftigen Kampf mit der Polizei liefert. Und zwar bis zu einem Punkt, wo es schwierig wird woanders hinzugucken und so zu tun als w\u00fcrde nichts passieren.<br \/>\nAn den Bruchstellen, die diese gemeinsamen Revolten hervorbringen, haben wir als AnarchistInnen einen fruchtbaren gemeinsamen Boden gefunden, um Ideen und Praktiken zu verbreiten. Mit dem Versuch Beziehungen mit denjenigen zu schaffen die k\u00e4mpfen und zwar nicht nur gegen die Polizei, sondern um die sozialen Beziehungen in Frage zu stellen, die auf Autorit\u00e4t gebaut sind, sowie das unaufh\u00f6rliche Bem\u00fchen nach mehr Geld und Konsum, die soziale Kontrolle durch die Religion, das Patriarchat und die erstickenden Gemeinschaften.<br \/>\n<!--more-->Wir werden \u00fcber in Belgien stattfindende K\u00e4mpfe berichten (vor allem gegen den Bau eines neuen Abschiebeknastes in der N\u00e4he des Flughafens) und hoffen Erfahrungen und Gedanken \u00fcber Perspektiven einer anarchistischen Intervention und Agitation, im Bezug auf  die stattfindenden sozialen Spannungen, mit euch teilen zu k\u00f6nnen. <\/p>\n<p><strong>9. Dezember | 19 Uhr | Tempest Anarchist Library<\/strong> (Reichenbergerstrasse 63a, Kreuzberg)<\/p>\n<p><a href=\"http:\/\/www.abc-berlin.net\/wp-content\/uploads\/2010\/12\/belgien-infoabend.jpg\" rel=\"lightbox[2757]\"><img loading=\"lazy\" src=\"http:\/\/www.abc-berlin.net\/wp-content\/uploads\/2010\/12\/belgien-infoabend.jpg\" alt=\"Veranstaltung zum Kampf gegen Kn\u00e4ste und Abschiebelager in Belgien am 9. Dezember\" title=\"Veranstaltung zum Kampf gegen Kn\u00e4ste und Abschiebelager in Belgien am 9. Dezember \" width=\"600\" height=\"848\" class=\"aligncenter size-full wp-image-2775\" srcset=\"https:\/\/www.abc-berlin.net\/2008\/wp-content\/uploads\/2010\/12\/belgien-infoabend.jpg 800w, https:\/\/www.abc-berlin.net\/2008\/wp-content\/uploads\/2010\/12\/belgien-infoabend-176x250.jpg 176w, https:\/\/www.abc-berlin.net\/2008\/wp-content\/uploads\/2010\/12\/belgien-infoabend-424x600.jpg 424w\" sizes=\"(max-width: 600px) 100vw, 600px\" \/><\/a><\/p>\n","protected":false},"excerpt":{"rendered":"<p>Belgien, kleines Land des Biers und der Schokolade, beworben als eine St\u00fctze des verbreiteten sozialen Friedens, als die Hauptstadt eines florierenden Europas. Allerdings sch\u00fcren schon seit Jahren Unruhen in den Kn\u00e4sten und inspirieren Ausbr\u00fcche und Auseinandersetzungen mit der Polizei&#46;&#46;&#46;<\/p>\n","protected":false},"author":3,"featured_media":0,"comment_status":"closed","ping_status":"closed","sticky":false,"template":"","format":"standard","meta":{"_links_to":"","_links_to_target":""},"categories":[1,2,32],"tags":[101,75,698,65,66,143],"_links":{"self":[{"href":"https:\/\/www.abc-berlin.net\/2008\/wp-json\/wp\/v2\/posts\/2757"}],"collection":[{"href":"https:\/\/www.abc-berlin.net\/2008\/wp-json\/wp\/v2\/posts"}],"about":[{"href":"https:\/\/www.abc-berlin.net\/2008\/wp-json\/wp\/v2\/types\/post"}],"author":[{"embeddable":true,"href":"https:\/\/www.abc-berlin.net\/2008\/wp-json\/wp\/v2\/users\/3"}],"replies":[{"embeddable":true,"href":"https:\/\/www.abc-berlin.net\/2008\/wp-json\/wp\/v2\/comments?post=2757"}],"version-history":[{"count":12,"href":"https:\/\/www.abc-berlin.net\/2008\/wp-json\/wp\/v2\/posts\/2757\/revisions"}],"predecessor-version":[{"id":3665,"href":"https:\/\/www.abc-berlin.net\/2008\/wp-json\/wp\/v2\/posts\/2757\/revisions\/3665"}],"wp:attachment":[{"href":"https:\/\/www.abc-berlin.net\/2008\/wp-json\/wp\/v2\/media?parent=2757"}],"wp:term":[{"taxonomy":"category","embeddable":true,"href":"https:\/\/www.abc-berlin.net\/2008\/wp-json\/wp\/v2\/categories?post=2757"},{"taxonomy":"post_tag","embeddable":true,"href":"https:\/\/www.abc-berlin.net\/2008\/wp-json\/wp\/v2\/tags?post=2757"}],"curies":[{"name":"wp","href":"https:\/\/api.w.org\/{rel}","templated":true}]}}