{"id":354,"date":"2009-05-21T19:00:01","date_gmt":"2009-05-21T17:00:01","guid":{"rendered":"http:\/\/www.abc-berlin.net\/?p=354"},"modified":"2011-04-09T18:11:43","modified_gmt":"2011-04-09T17:11:43","slug":"amadeu-wieder-im-hungerstreik","status":"publish","type":"post","link":"https:\/\/www.abc-berlin.net\/2008\/amadeu-wieder-im-hungerstreik","title":{"rendered":"Amadeu Casellas beendet vorerst den Hungerstreik"},"content":{"rendered":"<p>Seit dem 20. April befand sich Amadeu wieder im Hungerstreik, da sich nach dem letzten Hungerstreik im letzten Jahr seine Situation sich nicht grundlegend ge\u00e4ndert hat. Am letzten Montag, 18. Mai, hat er vorerst den Hungerstreik beendet, weitere Infos dazu in den n\u00e4chsten Tagen. <\/p>\n<p>Weitere \u00dcbersetzungen seiner Kommuniqu\u00e9s sind in Arbeit. Wenn ihr selber Texte \u00fcbersetzt habt, schickt sie uns per mail. Aktuelle Infos zur Entwicklung des Hungerstreiks und des Kampfes f\u00fcr seine Freiheit auf <a href=\"http:\/\/llibertatamadeu.blogspot.com\/\">http:\/\/llibertatamadeu.blogspot.com<\/a><\/p>\n<p>Solidarische Gr\u00fc\u00dfe an Amadeu. Lasst uns seinen Kampf weitertragen!<\/p>\n","protected":false},"excerpt":{"rendered":"<p>Seit dem 20. April befand sich Amadeu wieder im Hungerstreik, da sich nach dem letzten Hungerstreik im letzten Jahr seine Situation sich nicht grundlegend ge\u00e4ndert hat. Am letzten Montag, 18. Mai, hat er vorerst den Hungerstreik beendet, weitere Infos&#46;&#46;&#46;<\/p>\n","protected":false},"author":3,"featured_media":0,"comment_status":"closed","ping_status":"closed","sticky":false,"template":"","format":"standard","meta":{"_links_to":"","_links_to_target":""},"categories":[9,4],"tags":[27,52,699,155],"_links":{"self":[{"href":"https:\/\/www.abc-berlin.net\/2008\/wp-json\/wp\/v2\/posts\/354"}],"collection":[{"href":"https:\/\/www.abc-berlin.net\/2008\/wp-json\/wp\/v2\/posts"}],"about":[{"href":"https:\/\/www.abc-berlin.net\/2008\/wp-json\/wp\/v2\/types\/post"}],"author":[{"embeddable":true,"href":"https:\/\/www.abc-berlin.net\/2008\/wp-json\/wp\/v2\/users\/3"}],"replies":[{"embeddable":true,"href":"https:\/\/www.abc-berlin.net\/2008\/wp-json\/wp\/v2\/comments?post=354"}],"version-history":[{"count":1,"href":"https:\/\/www.abc-berlin.net\/2008\/wp-json\/wp\/v2\/posts\/354\/revisions"}],"predecessor-version":[{"id":3624,"href":"https:\/\/www.abc-berlin.net\/2008\/wp-json\/wp\/v2\/posts\/354\/revisions\/3624"}],"wp:attachment":[{"href":"https:\/\/www.abc-berlin.net\/2008\/wp-json\/wp\/v2\/media?parent=354"}],"wp:term":[{"taxonomy":"category","embeddable":true,"href":"https:\/\/www.abc-berlin.net\/2008\/wp-json\/wp\/v2\/categories?post=354"},{"taxonomy":"post_tag","embeddable":true,"href":"https:\/\/www.abc-berlin.net\/2008\/wp-json\/wp\/v2\/tags?post=354"}],"curies":[{"name":"wp","href":"https:\/\/api.w.org\/{rel}","templated":true}]}}