{"id":5036,"date":"2011-09-06T00:04:44","date_gmt":"2011-09-05T22:04:44","guid":{"rendered":"http:\/\/www.abc-berlin.net\/?p=5036"},"modified":"2012-05-02T00:04:45","modified_gmt":"2012-05-01T23:04:45","slug":"thomas-meyer-falk-knaeste-und-hungerstreiks","status":"publish","type":"post","link":"https:\/\/www.abc-berlin.net\/2008\/thomas-meyer-falk-knaeste-und-hungerstreiks","title":{"rendered":"Thomas Meyer-Falk: Kn\u00e4ste und Hungerstreiks"},"content":{"rendered":"<p><a href=\"http:\/\/www.abc-berlin.net\/wp-content\/uploads\/2009\/06\/faust-durchs-gitter.jpg\" rel=\"lightbox[5036]\"><img loading=\"lazy\" class=\"alignleft size-full wp-image-662\" title=\"faust-durchs-gitter\" src=\"http:\/\/www.abc-berlin.net\/wp-content\/uploads\/2009\/06\/faust-durchs-gitter.jpg\" alt=\"faust-durchs-gitter\" width=\"115\" height=\"120\" \/><\/a> <strong>\u00dcber den Umgang mit Hungerstreiks in Gef\u00e4ngnissen<\/strong><\/p>\n<p>Immer wieder kommt es auch in bundesdeutschen Gef\u00e4ngnissen zu Hungerstreiks; ob <a href=\"http:\/\/www.abc-berlin.net\/tag\/werner-braeuner\" target=\"_blank\">k\u00fcrzlich in Sehnde<\/a> oder <a title=\"Thomas Meyer-Falk: Neues aus der Sicherungsverwahrung\" href=\"http:\/\/www.abc-berlin.net\/thomas-meyer-falk-neues-aus-der-sicherungsverwahrung\" target=\"_blank\">ganz aktuell in der JVA Celle<\/a>.<\/p>\n<p>Da der deutsche Beamte (freilich auch die Beamtin) gerne in Vorschriften regelt, was sich so an Vorg\u00e4ngen im Dienst ereignen k\u00f6nnte, hat nun das sozialdemokratisch geleitete Justizministerium von Baden-W\u00fcrttemberg am 04.07.2011 (AZ.: 4550\/0507) in der \u201eVerwaltungsvorschrift des Justizministeriums \u00fcber das Gesundheitswesen im Justizvollzug\u201c auch die \u201eZwangsma\u00dfnahmen in der Gesundheitsf\u00fcrsorge\u201c (Ziffer 3.8.) geregelt.<br \/>\n<!--more-->Hiernach hat bei jeglichen \u00e4rztlichen Zwangsma\u00dfnahmen, auch im Bereich \u201eErn\u00e4hrung\u201c, der \u00e4rztliche Dienst \u201edie Anstaltsleitung soweit m\u00f6glich schriftlich\u201c vorab zu informieren. In \u201eZweifelsf\u00e4llen wird unter Beteiligung der Anstaltsleitung die Aufsichtsbeh\u00f6rde notfalls fernm\u00fcndlich\u201c eingeschaltet.<\/p>\n<p>Kommt es zum Hungerstreik eines \/ einer Gefangenen, regelt Ziffer 3.8.2 die Verwendung eines \u2013 man ahnt es wohl schon &#8211; \u201eFormblattes\u201c, n\u00e4mlich in genannten Bundesland \u201eFormblatt JVHK\u201c, welches weiter unten im Original zu sehen ist.<\/p>\n<p>Bezeichnend schon der Titel des Formulars, wo von einer \u201evors\u00e4tzlichen Selbstbesch\u00e4digung durch Nahrungsverweigerung\u201c die Rede ist. Hier wird dem \/ der Inhaftierten die Rolle eines \/ einer Aggressors (in) zugeschrieben; auch die weiteren \u201eBelehrungen\u201c entbehren streckenweise nicht eines gewissen Zynismus, bis hin zur Kostentragungspflicht des \/ der Hungerstreikenden.<\/p>\n<p>Sollte \u00fcbrigens der Tod nahen, k\u00e4me wohl Ziffer 4 der genannten Verwaltungsvorschrift, die die anheimelnde \u00dcberschrift \u201eUmgang mit sterbenden Gefangenen\u201c tr\u00e4gt, zur finalen Anwendung.<br \/>\nHiernach seien der \u00e4rztliche Dienst und die Pflegekr\u00e4fte der Kn\u00e4ste verpflichtet, sich zu \u201ebem\u00fchen (\u2026), dass der oder die Sterbende ohne Schmerzen sterben kann\u201c. Man kennt das aus Arbeitszeugnissen: wer attestiert bekommt, er \/ sie habe sich immer \u201ebem\u00fcht\u201c den Anforderungen gerecht zu werden, hat in Wahrheit recht wenig geleistet.<br \/>\nFerner ist \u201eder oder die Sterbende in einem Einzelhaftraum (unterzubringen), es sei denn er oder sie w\u00fcnscht gemeinschaftliche Unterbringung\u201c.<\/p>\n<p>Womit nun (endlich) auch im Land der T\u00fcftler, Denker und Schwaben, die laut Werbung der Landesregierung \u201ealles k\u00f6nnet, au\u00dfer Hochdeutsch schw\u00e4tze\u201c, Hungerstreiks und Sterben auf Punkt und Komma genau geregelt w\u00e4ren.<\/p>\n<p><em>Thomas Meyer-Falk<br \/>\nc\/o JVA \u2013 Z. 3113<br \/>\nSch\u00f6nbornstr. 32<br \/>\nD-76646 Bruchsal<\/em><\/p>\n<p><em><a href=\"http:\/\/www.freedom-for-thomas.de\/\" target=\"_blank\">www.freedom-for-thomas.de<\/a><br \/>\n<a href=\"http:\/\/www.freedomforthomas.wordpress.com\/\" target=\"_blank\">www.freedomforthomas.wordpress.com <\/a><\/em><\/p>\n","protected":false},"excerpt":{"rendered":"<p>\u00dcber den Umgang mit Hungerstreiks in Gef\u00e4ngnissen Immer wieder kommt es auch in bundesdeutschen Gef\u00e4ngnissen zu Hungerstreiks; ob k\u00fcrzlich in Sehnde oder ganz aktuell in der JVA Celle. Da der deutsche Beamte (freilich auch die Beamtin) gerne in Vorschriften&#46;&#46;&#46;<\/p>\n","protected":false},"author":3,"featured_media":0,"comment_status":"closed","ping_status":"open","sticky":false,"template":"","format":"standard","meta":{"_links_to":"","_links_to_target":""},"categories":[36,9,4],"tags":[702,296,699,14],"_links":{"self":[{"href":"https:\/\/www.abc-berlin.net\/2008\/wp-json\/wp\/v2\/posts\/5036"}],"collection":[{"href":"https:\/\/www.abc-berlin.net\/2008\/wp-json\/wp\/v2\/posts"}],"about":[{"href":"https:\/\/www.abc-berlin.net\/2008\/wp-json\/wp\/v2\/types\/post"}],"author":[{"embeddable":true,"href":"https:\/\/www.abc-berlin.net\/2008\/wp-json\/wp\/v2\/users\/3"}],"replies":[{"embeddable":true,"href":"https:\/\/www.abc-berlin.net\/2008\/wp-json\/wp\/v2\/comments?post=5036"}],"version-history":[{"count":5,"href":"https:\/\/www.abc-berlin.net\/2008\/wp-json\/wp\/v2\/posts\/5036\/revisions"}],"predecessor-version":[{"id":6731,"href":"https:\/\/www.abc-berlin.net\/2008\/wp-json\/wp\/v2\/posts\/5036\/revisions\/6731"}],"wp:attachment":[{"href":"https:\/\/www.abc-berlin.net\/2008\/wp-json\/wp\/v2\/media?parent=5036"}],"wp:term":[{"taxonomy":"category","embeddable":true,"href":"https:\/\/www.abc-berlin.net\/2008\/wp-json\/wp\/v2\/categories?post=5036"},{"taxonomy":"post_tag","embeddable":true,"href":"https:\/\/www.abc-berlin.net\/2008\/wp-json\/wp\/v2\/tags?post=5036"}],"curies":[{"name":"wp","href":"https:\/\/api.w.org\/{rel}","templated":true}]}}