{"id":5363,"date":"2011-10-12T20:42:45","date_gmt":"2011-10-12T18:42:45","guid":{"rendered":"http:\/\/www.abc-berlin.net\/?p=5363"},"modified":"2012-01-16T18:04:23","modified_gmt":"2012-01-16T17:04:23","slug":"bericht-zur-knastkundgebung-fuer-sonja-und-christian","status":"publish","type":"post","link":"https:\/\/www.abc-berlin.net\/2008\/bericht-zur-knastkundgebung-fuer-sonja-und-christian","title":{"rendered":"Bericht zur Knastkundgebung f\u00fcr Sonja und Christian"},"content":{"rendered":"<p><a href=\"http:\/\/www.abc-berlin.net\/wp-content\/uploads\/2012\/01\/Revolution\u00e4re-Zellen.png\" rel=\"lightbox[5363]\"><img loading=\"lazy\" class=\"alignright  wp-image-5991\" title=\"Revolution\u00e4re Zellen\" src=\"http:\/\/www.abc-berlin.net\/wp-content\/uploads\/2012\/01\/Revolution\u00e4re-Zellen-230x250.png\" alt=\"Revolution\u00e4re Zellen\" width=\"138\" height=\"150\" srcset=\"https:\/\/www.abc-berlin.net\/2008\/wp-content\/uploads\/2012\/01\/Revolution\u00e4re-Zellen-230x250.png 230w, https:\/\/www.abc-berlin.net\/2008\/wp-content\/uploads\/2012\/01\/Revolution\u00e4re-Zellen.png 300w\" sizes=\"(max-width: 138px) 100vw, 138px\" \/><\/a><em>Seit wenigen Tagen gibt es eine <a href=\"http:\/\/www.verdammtlangquer.org\/\" target=\"_blank\">Webseite f\u00fcr Sonja und Christian<\/a>, auf welcher es aktuelle Infos zu der Situation der beiden Inhaftierten gibt. Wir \u00fcbernehmen einen kurzen Bericht \u00fcber die solidarische Kundgebung, die am letzten Samstag vor der JVA Frankfurt stattfand, sowie einen Bericht \u00fcber einen Knastbesuch bei <a title=\"Solidarit\u00e4t mit Sonja und Christian\" href=\"http:\/\/www.abc-berlin.net\/solidaritaet-mit-sonja-und-christian\" target=\"_blank\">Christian<\/a>.<\/em><\/p>\n<h3 style=\"text-align: center;\">Kundgebung am Knast in Frankfurt \u2013 Kurzbericht<\/h3>\n<p>Am Samstag, dem 8.10.11, fand eine Solidarit\u00e4tskundgebung f\u00fcr Sonja und Christian statt. Es waren ca. 60 Personen gekommen, darunter einige Freund_innen aus Frankreich mit eigenen Transparenten und viel Power, die sie \u00fcber die Mauern schickten. Die Freund_innen machten deutlich, dass der franz\u00f6sische Staat mitverantwortlich f\u00fcr die Auslieferung ist und sie dieses nicht unwidersprochen hinnehmen werden, sie sprachen vom \u201eeurop\u00e4ischen Gef\u00e4ngnis\u201c.<br \/>\n<!--more--><br \/>\nEin betr\u00e4chtliches Aufgebot von Robocops stand vor den unendlich hohen Mauern \u2013 um was zu sch\u00fctzen? Die Stimmung war bestens, es wurden Reden auf deutsch und franz\u00f6sisch gehalten und die Musik dr\u00fcckte unsere Wut gegen das Knastsystem aus. Die internationale Beteiligung schien die Ordnungsh\u00fcter zu verunsichern und sorgte f\u00fcr etwas Zur\u00fcckhaltung.\u00a0 Es war die erste Knastkundgebung seit Jahren in Frankfurt und es wird nicht die letzte gewesen sein! Nachdem wir zuerst am Haupteingang waren, wollten wir mit dem Lauti einmal um den Knast herum wandern \u2013 das wurde nicht verhindert. Wir zogen aber mit kleinem Verst\u00e4rker und gro\u00dfen Transparenten auf die andere Seite. Dort wurde weiter lautstark gerufen und gesungen: Bella Ciao, Freiheit f\u00fcr Sonja und Christian.<\/p>\n<p>Am hinteren Zugang sahen wir eine Frau mit Kleinkind am Zellenfenster. Als wir ihr winkten, erschienen mehr Frauen mit Kindern auf dem Arm am Fenster und wir kommunizierten herzlich miteinander. Die Perversit\u00e4t des Knastes zeigt sich besonders deutlich bei diesen M\u00fctter-Kinder-Knastabteilungen.<\/p>\n<p>Freiheit und Gl\u00fcck f\u00fcr Sonja und Christian und alle anderen.<\/p>\n<hr>\n<h3 style=\"text-align: center;\">Besuch bei Christian im Knast \u2013 Kurzbericht<\/h3>\n<div>\n<p>Elektrisch \u00f6ffnen sich die T\u00fcren zur Sicherheitsschleuse, umgeben von schusssicherem Glas wird nach dem kleinsten Metallst\u00fcck gefahndet. Dann geht es in die Tiefen dieser Stahlbetonburg, Chips dienen als Schl\u00fcssel, kaum ein Laut ist noch zu h\u00f6ren \u2013 mensch sehnt geradezu das Schl\u00fcsselgeklapper fr\u00fcherer Knastbesuche herbei. Wer hier sitzen muss, ist von der Au\u00dfenwelt v\u00f6llig abgeschnitten, das haben schon die mit Nato-Draht best\u00fcckten \u00fcber neun Meter hohen Mauern deutlich gemacht.<\/p>\n<p>Christian ist in der Krankenabteilung des Knastes eingesperrt, in einer Zweibettzelle mit einem anderen Gefangenen, mit dem er aber nicht kommunizieren kann. Christian lebt dort in der st\u00e4ndigen Angst, nicht die richtigen Herz-Medikamente zu bekommen. Eine falsche oder unp\u00fcnktliche Medikation kann seinen Tod bedeuten. Nach seinem Herzstillstand vor 13 Jahren hat er massive Ged\u00e4chtnisl\u00fccken und Erinnerungsschwierigkeiten. Es f\u00e4llt ihm schwer, sich im Knastalltag zu orientieren, weil dort jede Unterst\u00fctzung fehlt, der er vertrauen k\u00f6nnte. Eine logop\u00e4dische Therapie, die vielleicht verhindern k\u00f6nnte, dass sich sein Gesundheitszustand noch weiter verschlechtert, wird ihm verwehrt.<br \/>\nGegen eine m\u00f6gliche Haftentlassung hatte die Staatsanwaltschaft Frankfurt sofort beim Landgericht Beschwerde eingelegt, weshalb Christian immer noch nicht drau\u00dfen ist.<\/p>\n<p>Briefe und Postkarten (mit einem Absender!) sind f\u00fcr Christian besonders wichtig:<br \/>\n<strong> Christian Gauger, JVA I, Obere Kreuz\u00e4ckerstr. 6-8, 60435 Frankfurt<\/strong><\/p>\n<p>Einen Eindruck vom Knast Preungesheim verschafft das Modell des Neubaus \u2013 da nat\u00fcrlich ohne Nato-Draht \u2013 unter: <a href=\"http:\/\/www.hrp-ing.de\/hochbau-und-industriebau\/articles\/neubau-der-untersuchungshaftanstalt-jva-i-frankfurt.html\" target=\"_blank\">www.hrp-ing.de\/hochbau-und-industriebau\/articles\/neubau-der-untersuchungshaftanstalt-jva-i-frankfurt.html<\/a><\/p>\n<\/div>\n","protected":false},"excerpt":{"rendered":"<p>Seit wenigen Tagen gibt es eine Webseite f\u00fcr Sonja und Christian, auf welcher es aktuelle Infos zu der Situation der beiden Inhaftierten gibt. Wir \u00fcbernehmen einen kurzen Bericht \u00fcber die solidarische Kundgebung, die am letzten Samstag vor der JVA&#46;&#46;&#46;<\/p>\n","protected":false},"author":3,"featured_media":0,"comment_status":"closed","ping_status":"open","sticky":false,"template":"","format":"standard","meta":{"_links_to":"","_links_to_target":""},"categories":[36,9],"tags":[337,347,114,335,703,338,95,115],"_links":{"self":[{"href":"https:\/\/www.abc-berlin.net\/2008\/wp-json\/wp\/v2\/posts\/5363"}],"collection":[{"href":"https:\/\/www.abc-berlin.net\/2008\/wp-json\/wp\/v2\/posts"}],"about":[{"href":"https:\/\/www.abc-berlin.net\/2008\/wp-json\/wp\/v2\/types\/post"}],"author":[{"embeddable":true,"href":"https:\/\/www.abc-berlin.net\/2008\/wp-json\/wp\/v2\/users\/3"}],"replies":[{"embeddable":true,"href":"https:\/\/www.abc-berlin.net\/2008\/wp-json\/wp\/v2\/comments?post=5363"}],"version-history":[{"count":4,"href":"https:\/\/www.abc-berlin.net\/2008\/wp-json\/wp\/v2\/posts\/5363\/revisions"}],"predecessor-version":[{"id":5995,"href":"https:\/\/www.abc-berlin.net\/2008\/wp-json\/wp\/v2\/posts\/5363\/revisions\/5995"}],"wp:attachment":[{"href":"https:\/\/www.abc-berlin.net\/2008\/wp-json\/wp\/v2\/media?parent=5363"}],"wp:term":[{"taxonomy":"category","embeddable":true,"href":"https:\/\/www.abc-berlin.net\/2008\/wp-json\/wp\/v2\/categories?post=5363"},{"taxonomy":"post_tag","embeddable":true,"href":"https:\/\/www.abc-berlin.net\/2008\/wp-json\/wp\/v2\/tags?post=5363"}],"curies":[{"name":"wp","href":"https:\/\/api.w.org\/{rel}","templated":true}]}}