{"id":5824,"date":"2011-12-14T16:45:55","date_gmt":"2011-12-14T15:45:55","guid":{"rendered":"http:\/\/www.abc-berlin.net\/?p=5824"},"modified":"2014-12-19T20:03:18","modified_gmt":"2014-12-19T19:03:18","slug":"keine-beugehaft-fur-christa-eckes","status":"publish","type":"post","link":"https:\/\/www.abc-berlin.net\/2008\/keine-beugehaft-fur-christa-eckes","title":{"rendered":"Keine Beugehaft f\u00fcr Christa Eckes"},"content":{"rendered":"<p><a href=\"http:\/\/www.abc-berlin.net\/wp-content\/uploads\/2011\/03\/Rote-Armee-Fraktion.png\" rel=\"lightbox[5824]\"><img loading=\"lazy\" class=\"alignright size-thumbnail wp-image-3256\" title=\"Rote Armee Fraktion\" src=\"http:\/\/www.abc-berlin.net\/wp-content\/uploads\/2011\/03\/Rote-Armee-Fraktion-150x147.png\" alt=\"Rote Armee Fraktion\" width=\"150\" height=\"147\" \/><\/a><em><span class=\"dropcap\">S<\/span>eit dem 30. September 2010 l\u00e4uft in Stuttgart ein Prozess gegen Verena Becker, weil sie an der Erschie\u00dfung des Generalbundesanwalts Buback im Jahr beteiligt gewesen sein soll. Im Laufe des Prozesses wurden schon unz\u00e4hlige ehemalige K\u00e4mpferInnen der RAF als ZeugInnen vorgeladen, denjenigen, die vom Aussageverweigerungsrecht Gebrauch machten, wurde dies zugestanden. Nach Siegfried Haag und Roland Mayer wurde jetzt gegen Christa Eckes Beugehaft verh\u00e4ngt, hierzu ein solidarischer Aufruf: [<strong>Update 15.12.11<\/strong>: Der Vollzug der Beugehaft wurde ausgesetzt]<\/em><\/p>\n<h3 style=\"text-align: center;\">T\u00f6dliche Beugehaftandrohung der Justiz<\/h3>\n<p>Unsere Freundin und Genossin Christa Eckes soll in Beugehaft gehen,\u202d \u202cweil sich das Oberlandesgericht\u202d (\u202cOLG\u202d) \u202cin Stuttgart dem Antrag der Bundesanwaltschaft\u202d (\u202cBAW\u202d) \u202canschloss.\u202d \u202cIm August diesen Jahres stellte sich heraus,\u202d \u202cdass Christa an akuter lymphatischer Leuk\u00e4mie erkrankt ist.\u202d \u202cSeit Anfang September wird sie mit Chemo-Therapie und Bestrahlung station\u00e4r im Krankenhaus behandelt und k\u00e4mpft um ihr Leben.\u202d \u202cEine Haft w\u00fcrde ihr Leben akut gef\u00e4hrden.\u202d \u202cDie dringend notwendige Therapie w\u00fcrde damit abgebrochen.\u202d \u202cDie angeordnete Ma\u00dfnahme riskiert damit bewusst und zynisch ihr Leben.<\/p>\n<p>Seit dem\u202d \u202c30.\u202d \u202cSeptember\u202d \u202c2010\u202d \u202cl\u00e4uft in Stuttgart der medial gro\u00df inszenierte Prozess gegen das fr\u00fchere RAF-Mitglied Verena Becker.\u202d \u202cHintergrund des Verfahrens ist die Erschie\u00dfung des damaligen Generalbundesanwalts Buback\u202d \u202c1977.\u202d \u202cObwohl Christa zur Zeit des Attentats auf Buback bereits mehrere Jahre im Knast sa\u00df,\u202d \u202cwurde sie wie viele andere ehemalige RAF Mitglieder im Vorfeld dieses Prozesses als Zeugin im Bundesgerichtshof\u202d (\u202cBGH\u202d) \u202cin Karlsruhe vorgeladen.\u202d \u202cSie hat die Aussage verweigert und auf Antrag der BAW wurden bereits damals\u202d \u202c6\u202d \u202cMonate Beugehaft gegen sie verh\u00e4ngt,\u202d \u202cdie aber zun\u00e4chst zur\u00fcckgestellt wurde.<\/p>\n<p>Im September\u202d \u202c2011\u202d \u202cwurde sie vom OLG Stuttgart erneut als Zeugin im Prozess gegen Verena Becker geladen.\u202d \u202cDas vorgelegte Attest \u00fcber Art und Schwere der Erkrankung hielt das Gericht nicht davon ab,\u202d \u202cim November eine Befragung von Christa im Aufenthaltsraum des Krankenhauses zu erzwingen.\u202d \u202cChrista bekam zu diesem Zeitpunkt gerade eine Infusion der Chemo-Therapie.\u202d \u202cTrotz der ausdr\u00fccklichen Aufforderung des Chef-Arztes,\u202d \u202cdass die Befragung auf keinen Fall l\u00e4nger als\u202d \u202c30\u202d \u202cMinuten gehen d\u00fcrfe,\u202d \u202cdauerte die ganze Prozedur fast eine ganze Stunde.<\/p>\n<p>Christa hat die Aussage verweigert und das OLG Stuttgart hat am\u202d \u202c1.\u202d \u202cDezember sechs Monate Beugehaft gegen Christa angeordnet.\u202d \u202cZuvor sollte allerdings die Haftf\u00e4higkeit gepr\u00fcft werden.\u202d \u202cDer Beschluss des Gerichts wurde offen als Fax ins Stationszimmer des Krankenhauses geschickt,\u202d \u202cwo er von allen Vorbeigehenden gelesen werden konnte.\u202d \u202cAm\u202d \u202c9.\u202d \u202cDezember wurde Christa die Ladung zum Antritt der Beugehaft zugestellt.\u202d \u202cSie soll sich bis sp\u00e4testens\u202d \u202c23.\u202d \u202cDezember\u202d \u202c2011\u202d \u202cim Justizvollzugskrankenhaus Hohenasperg bei Stuttgart einfinden.\u202d \u202cIhre Haftf\u00e4higkeit wurde nicht gepr\u00fcft.<\/p>\n<p>Es ist v\u00f6llig klar,\u202d \u202cdass Christa im Knast die f\u00fcr sie \u00fcberlebenswichtige Krebstherapie nicht fortf\u00fchren kann\u202d \u2013 \u202cauch nicht in einem der Knastkrankenh\u00e4user,\u202d \u202cdie eher Menschen unter Druck setzen als behandeln.\u202d \u202cAu\u00dferdem ist es f\u00fcr Christa in dieser Extremsituation sehr wichtig,\u202d \u202cdie N\u00e4he und den Austausch mit ihren Freund_innen und ihrer Familie zu haben\u202d \u2013 \u202cvon Menschen umgeben zu sein,\u202d \u202cdie ihr gut tun.\u202d<\/p>\n<p>Der Erfolg ihrer Behandlung steht sowieso schon auf Messers Schneide,\u202d \u202cund jetzt kommt noch die Bedrohung seitens der Justiz dazu.<\/p>\n<p><strong>Warum Aussageverweigerung\u202d?<\/strong><\/p>\n<p>Ehemalige Gefangene aus der RAF erkl\u00e4rten in einem Papier vom Mai\u202d \u202c2010,\u202d \u202cver\u00f6ffentlicht\u202d \u201e\u202cvon Einigen,\u202d \u202cdie zu unterschiedlichen Zeiten in der RAF waren\u202d\u201c\u202c:\u202d \u201e\u202cWenn von uns niemand Aussagen gemacht hat,\u202d \u202cdann nicht,\u202d \u202cweil es dar\u00fcber eine besondere\u202d \u201e\u202cAbsprache\u202d\u201c \u202cin der RAF gegeben h\u00e4tte,\u202d \u202csondern weil das f\u00fcr jeden Menschen mit politischem Bewusstsein selbstverst\u00e4ndlich ist.\u202d \u202cEine Sache der W\u00fcrde,\u202d \u202cder Identit\u00e4t\u202d \u2013 \u202cder Seite,\u202d \u202cauf die wir uns gestellt haben.\u202d\u201c \u202cUnd an anderer Stelle:\u202d \u201e\u202cWir machen keine Aussagen,\u202d \u202cweil wir keine Staatszeugen sind,\u202d \u202cdamals nicht,\u202d \u202cheute nicht.\u202d\u201c<\/p>\n<p>Christa besteht auf ihrem legitimen Recht Aussagen zu verweigern.<\/p>\n<p>Das staatliche und gesellschaftliche Rachebed\u00fcrfnis gegen\u00fcber den Menschen,\u202d \u202cdie in der RAF organisiert waren,\u202d \u202cist ungebrochen.\u202d \u202cVerlangt werden Reue und Unterwerfung.\u202d \u202cAlle,\u202d \u202cdie nicht Abbitte leisten,\u202d \u202cwerden weiterhin verfolgt und denunziert.\u202d \u202cDie BAW hat bereits in anderen Zusammenh\u00e4ngen die Beugehaft begr\u00fcndet:\u202d \u201e\u202c\u2026die kollektive Aktion\u202d (\u202cmuss\u202d) \u202c\u00fcber das Mittel der Beugehaft gebrochen werden\u202d\u201c (\u202cs.\u202d \u202cKasten\u202d) \u202cund\u202d \u201e\u202cDie Beugehaft ist keine Strafe sondern eine Erziehungsma\u00dfnahme\u202d\u201c (\u202cOberstaatsanwalt in Memmingen,\u202d \u202c1989\u202d)\u202c.\u202d<\/p>\n<p>Mit dem Prozess gegen Verena Becker wird die Verfolgungswut der Justiz noch nicht zu Ende sein.\u202d \u202cWeitere Ermittlungsverfahren gegen ehemalige Mitglieder der RAF,\u202d \u202cdie bereits verurteilt waren,\u202d \u202csind schon eingeleitet.\u202d<\/p>\n<p style=\"text-align: center;\"><strong>Jetzt gilt es aktiv zu werden,\u202d \u202cChrista braucht euch jetzt alle\u202d!<\/strong><\/p>\n<p style=\"text-align: center;\"><strong>Seid laut und erfinderisch,\u202d \u202cprotestiert\u202d!<\/strong><\/p>\n<p style=\"text-align: center;\"><strong>Bringt eure Emp\u00f6rung zum Ausdruck\u202d!<\/strong><\/p>\n<h3 style=\"text-align: center;\">Wir fordern die sofortige Aufhebung der Beugehaft\u202d!<\/h3>\n<h3 style=\"text-align: center;\">H\u00e4nde weg von Christa\u202d!<\/h3>\n<p>Infos,\u202d \u202cAktionen,\u202d \u202cAktionsvorschl\u00e4ge und Aufrufe demn\u00e4chst auf:<a href=\"http:\/\/keinebeugehaft.blogsport.de\" target=\"_blank\"> www.KeineBeugehaft.blogsport.de<\/a><\/p>\n<p><strong>Spendenkonto<\/strong><\/p>\n<p><em>Die Kosten,\u202d \u202cdie nun auf Christa zukommen,\u202d \u202ck\u00f6nnen enorm anwachsen,\u202d \u202cdenn alle gerichtlichen Aufw\u00e4nde,\u202d \u202cinkl.\u202d \u202cKnastaufenthalt,\u202d \u202cwerden ihr in Rechnung gestellt.<\/em><\/p>\n<p><em>F\u00f6rderverein f\u00fcr antifaschistische Kultur<\/em><\/p>\n<p><em>Konto Nr.\u202d \u202c222\u202d \u202c664\u202d \u202c15<\/em><\/p>\n<p><em>Sparkasse Karlsruhe,\u202d \u202cBLZ\u202d \u202c660\u202d \u202c501\u202d \u202c01<\/em><\/p>\n<p><em>IBAN:\u202d \u202cDE92660501010022266415<\/em><\/p>\n<p><em>Verwendungszweck:\u202d \u202cBeugehaft<\/em><\/p>\n","protected":false},"excerpt":{"rendered":"<p>Seit dem 30. September 2010 l\u00e4uft in Stuttgart ein Prozess gegen Verena Becker, weil sie an der Erschie\u00dfung des Generalbundesanwalts Buback im Jahr beteiligt gewesen sein soll.<\/p>\n","protected":false},"author":3,"featured_media":3256,"comment_status":"closed","ping_status":"open","sticky":false,"template":"","format":"standard","meta":{"_links_to":"","_links_to_target":""},"categories":[36,19,90,10],"tags":[386,387,388,704,93],"_links":{"self":[{"href":"https:\/\/www.abc-berlin.net\/2008\/wp-json\/wp\/v2\/posts\/5824"}],"collection":[{"href":"https:\/\/www.abc-berlin.net\/2008\/wp-json\/wp\/v2\/posts"}],"about":[{"href":"https:\/\/www.abc-berlin.net\/2008\/wp-json\/wp\/v2\/types\/post"}],"author":[{"embeddable":true,"href":"https:\/\/www.abc-berlin.net\/2008\/wp-json\/wp\/v2\/users\/3"}],"replies":[{"embeddable":true,"href":"https:\/\/www.abc-berlin.net\/2008\/wp-json\/wp\/v2\/comments?post=5824"}],"version-history":[{"count":7,"href":"https:\/\/www.abc-berlin.net\/2008\/wp-json\/wp\/v2\/posts\/5824\/revisions"}],"predecessor-version":[{"id":10264,"href":"https:\/\/www.abc-berlin.net\/2008\/wp-json\/wp\/v2\/posts\/5824\/revisions\/10264"}],"wp:featuredmedia":[{"embeddable":true,"href":"https:\/\/www.abc-berlin.net\/2008\/wp-json\/wp\/v2\/media\/3256"}],"wp:attachment":[{"href":"https:\/\/www.abc-berlin.net\/2008\/wp-json\/wp\/v2\/media?parent=5824"}],"wp:term":[{"taxonomy":"category","embeddable":true,"href":"https:\/\/www.abc-berlin.net\/2008\/wp-json\/wp\/v2\/categories?post=5824"},{"taxonomy":"post_tag","embeddable":true,"href":"https:\/\/www.abc-berlin.net\/2008\/wp-json\/wp\/v2\/tags?post=5824"}],"curies":[{"name":"wp","href":"https:\/\/api.w.org\/{rel}","templated":true}]}}