{"id":5987,"date":"2012-01-16T17:59:22","date_gmt":"2012-01-16T16:59:22","guid":{"rendered":"http:\/\/www.abc-berlin.net\/?p=5987"},"modified":"2013-07-10T06:11:27","modified_gmt":"2013-07-10T05:11:27","slug":"geburtstagsfeuerwerk-fuer-sonja-vor-dem-knast-in-frankfurt","status":"publish","type":"post","link":"https:\/\/www.abc-berlin.net\/2008\/geburtstagsfeuerwerk-fuer-sonja-vor-dem-knast-in-frankfurt","title":{"rendered":"Geburtstagsfeuerwerk f\u00fcr Sonja vor dem Knast in Frankfurt"},"content":{"rendered":"<p><a href=\"http:\/\/www.abc-berlin.net\/wp-content\/uploads\/2012\/01\/Revolution\u00e4re-Zellen.png\" rel=\"lightbox[5987]\"><img loading=\"lazy\" class=\"alignright  wp-image-5991\" title=\"Revolution\u00e4re Zellen\" src=\"http:\/\/www.abc-berlin.net\/wp-content\/uploads\/2012\/01\/Revolution\u00e4re-Zellen-230x250.png\" alt=\"Revolution\u00e4re Zellen\" width=\"138\" height=\"150\" srcset=\"https:\/\/www.abc-berlin.net\/2008\/wp-content\/uploads\/2012\/01\/Revolution\u00e4re-Zellen-230x250.png 230w, https:\/\/www.abc-berlin.net\/2008\/wp-content\/uploads\/2012\/01\/Revolution\u00e4re-Zellen.png 300w\" sizes=\"(max-width: 138px) 100vw, 138px\" \/><\/a><em>gefunden auf <a href=\"http:\/\/linksunten.indymedia.org\/de\/node\/53409\" target=\"_blank\">linksunten.indymedia.org<\/a><\/em><\/p>\n<p>Heute Abend (15.01.2012) haben einige Aktivist_innen vor der JVA Preungesheim in Frankfurt\/Main ein Geburtstagsfeuerwerk f\u00fcr die seit mehreren Monaten dort inhaftierte <a href=\"http:\/\/www.abc-berlin.net\/tag\/sonja-suder\" target=\"_blank\">Sonja Suder<\/a> abgebrannt. Sonja wartet im Knast auf ihren Prozess wegen mehrere vermeintlicher Anschl\u00e4ge der <a href=\"http:\/\/www.abc-berlin.net\/tag\/revolutionaere-zellen-rz\" target=\"_blank\">Revolution\u00e4ren Zellen<\/a> in den 70er Jahren. Mehr Infos auf <a href=\"http:\/\/verdammtlangquer.org\" target=\"_blank\">verdammtlangquer.org<\/a>.<br \/>\n<!--more--><br \/>\nSie verweigert nach wie vor die Aussage, und spielt das Spiel der Bullen nicht mit. Deshalb und nat\u00fcrlich weil sie heute am 15.1. Geburtstag hat, haben wir beschlossen sie mit vielen Raketen am Himmel zu gr\u00fc\u00dfen und ihr weiterhin viel Kraft auf dem steinigen Weg der bundesdeutschen Justiz zu w\u00fcnschen. Wir wissen nicht ob sie uns h\u00f6ren konnte, aber schon als die ersten B\u00f6ller flogen haben viele der im Betonbunker in Preungesheim Inhaftierten sich massiv gefreut. Neben den Raketen und B\u00f6llern die wir \u00fcber die Knastmauern geworfen haben, wurde Parolen wie &#8220;Freiheit f\u00fcr Sonja jetzt sofort&#8221;, &#8220;Sonja liberte&#8221; und &#8220;Freiheit f\u00fcr alle (politischen) Gefangenen&#8221; gerufen. Die Reaktionen der Gefangenen waren \u00fcberw\u00e4ltigend, viele pfiffen und riefen aus ihren Fenstern. Wir hoffen das wir ihnen den tristen Alltag etwas verbessern konnten und f\u00fcr Abwechslung sorgten. Wir konnten leider nur kurz bleiben, aber eins ist sicher, wir lassen die Gefangenen nicht im Stich. Deshalb startet auch ihr Aktionen, und bleibt auf dem laufenden, der Prozess gegen sie und Christian wird im Fr\u00fchling beginnen.<\/p>\n<p style=\"text-align: center;\"><strong>Freiheit f\u00fcr Sonja und Christian<br \/>\nEinstellung ihrer Verfahren<br \/>\nKn\u00e4ste zu Baul\u00fccken<\/strong><\/p>\n","protected":false},"excerpt":{"rendered":"<p>Heute Abend (15.01.2012) haben einige Aktivist_innen vor der JVA Preungesheim in Frankfurt\/Main ein Geburtstagsfeuerwerk f\u00fcr die seit mehreren Monaten dort inhaftierte Sonja Suder abgebrannt. Sonja wartet im Knast auf ihren Prozess wegen mehrere vermeintlicher Anschl\u00e4ge der Revolution\u00e4ren Zellen in den 70er Jahren.<\/p>\n","protected":false},"author":3,"featured_media":0,"comment_status":"closed","ping_status":"open","sticky":false,"template":"","format":"standard","meta":{"_links_to":"","_links_to_target":""},"categories":[36,9,10],"tags":[397,337,87,335,703,338],"_links":{"self":[{"href":"https:\/\/www.abc-berlin.net\/2008\/wp-json\/wp\/v2\/posts\/5987"}],"collection":[{"href":"https:\/\/www.abc-berlin.net\/2008\/wp-json\/wp\/v2\/posts"}],"about":[{"href":"https:\/\/www.abc-berlin.net\/2008\/wp-json\/wp\/v2\/types\/post"}],"author":[{"embeddable":true,"href":"https:\/\/www.abc-berlin.net\/2008\/wp-json\/wp\/v2\/users\/3"}],"replies":[{"embeddable":true,"href":"https:\/\/www.abc-berlin.net\/2008\/wp-json\/wp\/v2\/comments?post=5987"}],"version-history":[{"count":8,"href":"https:\/\/www.abc-berlin.net\/2008\/wp-json\/wp\/v2\/posts\/5987\/revisions"}],"predecessor-version":[{"id":6001,"href":"https:\/\/www.abc-berlin.net\/2008\/wp-json\/wp\/v2\/posts\/5987\/revisions\/6001"}],"wp:attachment":[{"href":"https:\/\/www.abc-berlin.net\/2008\/wp-json\/wp\/v2\/media?parent=5987"}],"wp:term":[{"taxonomy":"category","embeddable":true,"href":"https:\/\/www.abc-berlin.net\/2008\/wp-json\/wp\/v2\/categories?post=5987"},{"taxonomy":"post_tag","embeddable":true,"href":"https:\/\/www.abc-berlin.net\/2008\/wp-json\/wp\/v2\/tags?post=5987"}],"curies":[{"name":"wp","href":"https:\/\/api.w.org\/{rel}","templated":true}]}}