{"id":7080,"date":"2012-06-21T19:10:08","date_gmt":"2012-06-21T18:10:08","guid":{"rendered":"http:\/\/www.abc-berlin.net\/?p=7080"},"modified":"2015-01-31T13:08:23","modified_gmt":"2015-01-31T12:08:23","slug":"update-zu-den-no-tav-gefangenen","status":"publish","type":"post","link":"https:\/\/www.abc-berlin.net\/2008\/update-zu-den-no-tav-gefangenen","title":{"rendered":"Update zu den No-TAV-Gefangenen"},"content":{"rendered":"<p><a href=\"http:\/\/www.abc-berlin.net\/wp-content\/uploads\/2012\/02\/no-tav.png\" rel=\"lightbox[7080]\"><img loading=\"lazy\" class=\"alignright  wp-image-6134\" title=\"Solidarit\u00e4t mit den Gefangenen der No-TAV-Bewegung in Italien\" src=\"http:\/\/www.abc-berlin.net\/wp-content\/uploads\/2012\/02\/no-tav-178x250.png\" alt=\"Solidarit\u00e4t mit den Gefangenen der No-TAV-Bewegung in Italien\" width=\"125\" height=\"175\" srcset=\"https:\/\/www.abc-berlin.net\/2008\/wp-content\/uploads\/2012\/02\/no-tav-178x250.png 178w, https:\/\/www.abc-berlin.net\/2008\/wp-content\/uploads\/2012\/02\/no-tav-428x600.png 428w, https:\/\/www.abc-berlin.net\/2008\/wp-content\/uploads\/2012\/02\/no-tav.png 600w\" sizes=\"(max-width: 125px) 100vw, 125px\" \/><\/a><span class=\"dropcap\">I<\/span>m Zuge der <a href=\"http:\/\/www.abc-berlin.net\/tag\/no-tav\" target=\"_blank\">Proteste gegen den Bau einer Bahnlinie f\u00fcr einen Hochgeschwindigkeitszug (TAV)<\/a> im Nordwesten Italiens gab es unz\u00e4hlige Festnahmen. Mehrere Personen wurden in Kn\u00e4ste gesteckt. Zwei der vier \u00fcbrig gebliebenen No-TAV-Gefangenen wurden vor kurzem in andere Kn\u00e4ste verlegt. Marcelo und Maurizio wurden aus dem Knast San Vittore in Mailand nach Cuneo und Turin verbracht.<\/p>\n<p>Hier ihre aktellen Adressen, sowie die von Alessio und Juan, die auch immer noch sitzen:<\/p>\n<p style=\"text-align: center;\"><em><strong>Maurizio Ferrari<\/strong> &#8211; c.c via Roncata 75 12100 Cuneo<\/em><\/p>\n<p style=\"text-align: center;\"><em><strong>Marcelo Damian Jara Marin<\/strong> &#8211; c.c. via Pianezza 300 &#8211; 10151 Torino<\/em><\/p>\n<p style=\"text-align: center;\"><em><strong>Alessio Del Sordo<\/strong> &#8211; C.C. via Pianezza 300 &#8211; 10151 Torino<\/em><\/p>\n<p style=\"text-align: center;\"><em><strong>Juan Antonio Sorroche Fernandez<\/strong> &#8211; C.C. &#8211; Via Beccaria, 13 &#8211; Loc. Spini di Gardolo &#8211; 38014 Gardolo &#8211; TN<\/em><\/p>\n","protected":false},"excerpt":{"rendered":"<p>Im Zuge der Proteste gegen den Bau einer Bahnlinie f\u00fcr einen Hochgeschwindigkeitszug (TAV) im Nordwesten Italiens gab es unz\u00e4hlige Festnahmen.<\/p>\n","protected":false},"author":3,"featured_media":6137,"comment_status":"closed","ping_status":"open","sticky":false,"template":"","format":"standard","meta":{"_links_to":"","_links_to_target":""},"categories":[297,9,10],"tags":[148,437,703,436,272,273],"_links":{"self":[{"href":"https:\/\/www.abc-berlin.net\/2008\/wp-json\/wp\/v2\/posts\/7080"}],"collection":[{"href":"https:\/\/www.abc-berlin.net\/2008\/wp-json\/wp\/v2\/posts"}],"about":[{"href":"https:\/\/www.abc-berlin.net\/2008\/wp-json\/wp\/v2\/types\/post"}],"author":[{"embeddable":true,"href":"https:\/\/www.abc-berlin.net\/2008\/wp-json\/wp\/v2\/users\/3"}],"replies":[{"embeddable":true,"href":"https:\/\/www.abc-berlin.net\/2008\/wp-json\/wp\/v2\/comments?post=7080"}],"version-history":[{"count":5,"href":"https:\/\/www.abc-berlin.net\/2008\/wp-json\/wp\/v2\/posts\/7080\/revisions"}],"predecessor-version":[{"id":10813,"href":"https:\/\/www.abc-berlin.net\/2008\/wp-json\/wp\/v2\/posts\/7080\/revisions\/10813"}],"wp:featuredmedia":[{"embeddable":true,"href":"https:\/\/www.abc-berlin.net\/2008\/wp-json\/wp\/v2\/media\/6137"}],"wp:attachment":[{"href":"https:\/\/www.abc-berlin.net\/2008\/wp-json\/wp\/v2\/media?parent=7080"}],"wp:term":[{"taxonomy":"category","embeddable":true,"href":"https:\/\/www.abc-berlin.net\/2008\/wp-json\/wp\/v2\/categories?post=7080"},{"taxonomy":"post_tag","embeddable":true,"href":"https:\/\/www.abc-berlin.net\/2008\/wp-json\/wp\/v2\/tags?post=7080"}],"curies":[{"name":"wp","href":"https:\/\/api.w.org\/{rel}","templated":true}]}}