{"id":7275,"date":"2012-07-25T08:08:44","date_gmt":"2012-07-25T07:08:44","guid":{"rendered":"http:\/\/www.abc-berlin.net\/?p=7275"},"modified":"2012-07-25T08:08:44","modified_gmt":"2012-07-25T07:08:44","slug":"zum-anstehenden-prozess-gegen-christos-stratigopoulos","status":"publish","type":"post","link":"https:\/\/www.abc-berlin.net\/2008\/zum-anstehenden-prozess-gegen-christos-stratigopoulos","title":{"rendered":"Zum anstehenden Prozess gegen Christos Stratigopoulos"},"content":{"rendered":"<p><em><a href=\"http:\/\/www.abc-berlin.net\/wp-content\/uploads\/2009\/11\/bonanno-soli-hamburg-2.jpg\" rel=\"lightbox[7275]\"><img loading=\"lazy\" class=\"alignright  wp-image-2114\" title=\"Solidarit\u00e4t mit Alfredo Bonanno und Christos Stratigopoulos in Hamburg an der Roten Flora\" src=\"http:\/\/www.abc-berlin.net\/wp-content\/uploads\/2009\/11\/bonanno-soli-hamburg-2-250x140.jpg\" alt=\"Solidarit\u00e4t mit Alfredo Bonanno und Christos Stratigopoulos in Hamburg an der Roten Flora\" width=\"200\" height=\"112\" srcset=\"https:\/\/www.abc-berlin.net\/2008\/wp-content\/uploads\/2009\/11\/bonanno-soli-hamburg-2-250x140.jpg 250w, https:\/\/www.abc-berlin.net\/2008\/wp-content\/uploads\/2009\/11\/bonanno-soli-hamburg-2.jpg 400w\" sizes=\"(max-width: 200px) 100vw, 200px\" \/><\/a>Am 26. Juli wird es in Patras, Griechenland, einen Prozess gegen den Anarchist <a href=\"http:\/\/www.abc-berlin.net\/tag\/christos-stratigopoulos\" target=\"_blank\">Christos Stratigopoulos<\/a> geben. Er wird beschuldigt im Juli 2009 einen Bank\u00fcberfall in Cephalonia begangen zu haben. Hier die \u00dcbersetzung zweier solidarischer Aufrufe, einer von <\/em>Assembly of Solidarity to Imprisoned and Accused Fighters <em>und der andere vom <\/em><a href=\"http:\/\/tameio.espivblogs.net\" target=\"_blank\">Solidarit\u00e4tsfond f\u00fcr Gefangene im Kampf<\/a>.<\/p>\n<h3 style=\"text-align: center;\"><strong>Krise bedeutet Krieg<\/strong><\/h3>\n<p style=\"text-align: center;\"><em>Sozialer Krieg und Klassenkampf<\/em><\/p>\n<p>Der Staat und das Kapital versuchen sozialen Frieden zu erzwingen in diesen Tages des Krieges, in welchen wir leben, sie unterdr\u00fccken soziale K\u00e4mpfe, beschuldigen und inhaftieren diejenigen, die k\u00e4mpfen.<!--more--><br \/>\nDer Anarchist Christos Stratigopoulos befindet sich im Knast, weil er die Verantwortung f\u00fcr einen Bank\u00fcberfall in Trikala, Griechenland, im Oktober 2009 \u00fcbernommen hat. Ab Juli 2011 sollten ihm Freig\u00e4nge erlaubt sein und ein paar Monate sp\u00e4ter sollte er entlassen werden.<br \/>\nAber die Bullen und die Richter haben seine Haft ausgeweitet, mit dem Versuch ihm einen weiteren Bank\u00fcberfall, auf eine Bank in\u00a0Cephalonia im Juli 2009, zuzuschreiben.<br \/>\nMit falschen Anschuldigungen versucht der Staat eine weitere repressive Anklage gegen Revolution\u00e4re in Christo&#8217;s Fall durchzusetzen.<br \/>\nDie Ankl\u00e4ger haben versucht ihn physikalisch und sozial zu zerst\u00f6ren, mit ihren falschen Beweisen und sogenannten Zeug_innen und erfinderischen Bullen.<br \/>\nDurch das Wissen unserer massiven Beteiligung an allen Formen des sozialen Kampfes, welcher sich hinzu einem sozialen Klassenkonflikt entwickelt, versucht der Staat durch die exemplarische Einsperrung von einem, der k\u00e4mpft, Angst zu erzeugen.<br \/>\nDionysios Manolatos, ein Anwohner von Cephalonia, entweder dazu gedr\u00e4ngt wissentlich ein Denunziant zu sein oder in dem Versuch irgendwelchen pers\u00f6nlichen Nutzen zu haben, wurde zu einem falschen Zeugen der Bullen.<br \/>\nDer junge Bulle Sokratis Markatos, willig die Karriereleiter in seinem Job hinaufzuklettern, hat Beweise gef\u00e4lscht und diese an die Lokalpresse weitergegeben, um somit Auszeichnungen zu bekommen und sich selbst von diesem undurchschaubaren Fall freizusprechen.<\/p>\n<h3 style=\"text-align: center;\">Sie erschrecken uns nicht, sie machen uns w\u00fctend<\/h3>\n<h3 style=\"text-align: center;\">Solidarit\u00e4t ist unsere Waffe<\/h3>\n<h3 style=\"text-align: center;\">Keine_r unserer Genoss_innen als Geisel des Staates<\/h3>\n<h3 style=\"text-align: center;\">Die Kriminellen sind die Banker und Kapitalisten<\/h3>\n<h3 style=\"text-align: center;\">Freiheit f\u00fcr Christos Stratigopoulos<\/h3>\n<p style=\"text-align: right;\"><em>Assembly of Solidarity to Imprisoned and Accused Fighters<\/em><\/p>\n<hr \/>\n<h3 style=\"text-align: center;\">\u00dcber den Prozess gegen Christos Stratigopoulos<\/h3>\n<p>Am 1. Oktober 2009, nach einem Bank\u00fcberfall in Trikala, wurden die Anarchisten Christos Stratigopoulos und <a href=\"http:\/\/www.abc-berlin.net\/tag\/alfredo-bonanno\" target=\"_blank\">Alfredo Bonanno<\/a> verhaftet, aufgrund von Verbindungen mit dem \u00dcberfall. Christos Stratigopoulos hat ab dem ersten Moment an die alleinige Verantwortung f\u00fcr die Enteignung \u00fcbernommen. Am 22. November 2010 wurden die beiden Anarchisten in dem Fall verurteilt. Christos wurde wegen bewaffnetem Raub zu acht Jahren und wegen drei Vergehen zu neun Monaten, ohne Bew\u00e4hrung, verurteilt. Alfredo wurde als ein Komplize verurteilt zu vier Jahren Knast und wurde dementsprechend freigelassen, aber wurde abgeschoben aufgrund eines pr\u00e4sidialen Beschlusses als eine Persona non grata und ihm ist es verboten in das Land einzureisen f\u00fcr zehn\u00a0 Jahre.<\/p>\n<p>Im Juli 2011, immer noch im Knast sitzend, erreichten Christos die Akten einer Anklage bez\u00fcglich eines zweiten Bank\u00fcberfalls, welcher auf der Insel Cephalonia im Juli 2009 stattfand. Der Gef\u00e4hrte wurde angeklagt f\u00fcr diesen \u00dcberfall aufgrund von fabrizierten Beweise, welche anderthalb Jahre nach dem Ereignis &#8220;auftauchten&#8221;. Als eine Konsequenz dieser Falle war es Christos nicht m\u00f6glich den Knast zu verlassen, so wie es ihm zusteht nach dem griechischen Strafrecht, nach dem Absitzen von 1\/5 der Verurteilung.<\/p>\n<p>Christo&#8217;s Berufungsverhandlung wegen des Trikala-Anklage fand im Februar 2012 statt und das Urteil wurde auf f\u00fcnf Jahre reduziert. Demzufolge h\u00e4tte der Gef\u00e4hrte in einigen Wochen entlassen werden sollen, aber er bleibt als Geisel im Knast, aufgrund des neuen Haftbefehls wegen des neuen anstehendes Verfahrens.<\/p>\n<p>Der Prozesstermin f\u00fcr den Bank\u00fcberfall in Cephalonia wurde auf den 26. Juli 2012 in Patras festgesetzt.<\/p>\n<p style=\"text-align: right;\"><em>vom Solidarit\u00e4tsfond f\u00fcr Gefangene im Kampf, tameio.espivblogs.net<\/em><\/p>\n","protected":false},"excerpt":{"rendered":"<p>Am 26. Juli wird es in Patras, Griechenland, einen Prozess gegen den Anarchist Christos Stratigopoulos geben. Er wird beschuldigt im Juli 2009 einen Bank\u00fcberfall in Cephalonia begangen zu haben. Hier die \u00dcbersetzung zweier solidarischer Aufrufe, einer von Assembly of&#46;&#46;&#46;<\/p>\n","protected":false},"author":3,"featured_media":0,"comment_status":"closed","ping_status":"open","sticky":false,"template":"","format":"standard","meta":{"_links_to":"","_links_to_target":""},"categories":[297,9,19],"tags":[52,71,46,704,44],"_links":{"self":[{"href":"https:\/\/www.abc-berlin.net\/2008\/wp-json\/wp\/v2\/posts\/7275"}],"collection":[{"href":"https:\/\/www.abc-berlin.net\/2008\/wp-json\/wp\/v2\/posts"}],"about":[{"href":"https:\/\/www.abc-berlin.net\/2008\/wp-json\/wp\/v2\/types\/post"}],"author":[{"embeddable":true,"href":"https:\/\/www.abc-berlin.net\/2008\/wp-json\/wp\/v2\/users\/3"}],"replies":[{"embeddable":true,"href":"https:\/\/www.abc-berlin.net\/2008\/wp-json\/wp\/v2\/comments?post=7275"}],"version-history":[{"count":20,"href":"https:\/\/www.abc-berlin.net\/2008\/wp-json\/wp\/v2\/posts\/7275\/revisions"}],"predecessor-version":[{"id":7374,"href":"https:\/\/www.abc-berlin.net\/2008\/wp-json\/wp\/v2\/posts\/7275\/revisions\/7374"}],"wp:attachment":[{"href":"https:\/\/www.abc-berlin.net\/2008\/wp-json\/wp\/v2\/media?parent=7275"}],"wp:term":[{"taxonomy":"category","embeddable":true,"href":"https:\/\/www.abc-berlin.net\/2008\/wp-json\/wp\/v2\/categories?post=7275"},{"taxonomy":"post_tag","embeddable":true,"href":"https:\/\/www.abc-berlin.net\/2008\/wp-json\/wp\/v2\/tags?post=7275"}],"curies":[{"name":"wp","href":"https:\/\/api.w.org\/{rel}","templated":true}]}}