{"id":7590,"date":"2012-08-28T05:24:58","date_gmt":"2012-08-28T04:24:58","guid":{"rendered":"http:\/\/www.abc-berlin.net\/?p=7590"},"modified":"2015-02-12T10:46:33","modified_gmt":"2015-02-12T09:46:33","slug":"aufruf-zur-solidaritaet-mit-den-inhaftierten-genoss_innen-in-belarus","status":"publish","type":"post","link":"https:\/\/www.abc-berlin.net\/2008\/aufruf-zur-solidaritaet-mit-den-inhaftierten-genoss_innen-in-belarus","title":{"rendered":"Aufruf zur Solidarit\u00e4t mit den inhaftierten Genoss_innen in Belarus"},"content":{"rendered":"<p><a href=\"http:\/\/www.abc-berlin.net\/wp-content\/uploads\/2011\/05\/ABC-Belarus.png\" rel=\"lightbox[7590]\"><img loading=\"lazy\" class=\"size-medium wp-image-3985 alignright\" title=\"ABC Belarus\" src=\"http:\/\/www.abc-berlin.net\/wp-content\/uploads\/2011\/05\/ABC-Belarus-250x235.png\" alt=\"ABC Belarus\" width=\"150\" height=\"141\" \/><\/a><span class=\"dropcap\">E<\/span>s ist einige Zeit seit dem letzten <a title=\"Wei\u00dfrussland: Internationaler Solidarit\u00e4tsaufruf f\u00fcr anarchistische Gefangene\" href=\"http:\/\/www.abc-berlin.net\/weissrussland-internationaler-solidaritaetsaufruf-fur-anarchistische-gefangene\" target=\"_blank\">Aufruf zur Solidarit\u00e4t mit den belarussischen Anarchisten<\/a> vergangen. Heute m\u00fcssen wir uns eingestehen, dass eine neue Welle der Solidarit\u00e4t dringend n\u00f6tig ist, um den Betroffenen aus dem Gef\u00e4ngnis zu helfen. Deshalb rufen wir dazu auf, sich an den Aktionstagen f\u00fcr die belarussischen politischen Gefangenen am 22. und 23. September (am 23. finden Parlamentswahlen statt) zu beteiligen.<\/p>\n<p>Die Aktivisten Ihar Alinevich, Mikalai Dziadok, Artsiom Prakapenka, Pavel Syramolatau, Aliaksandr Frantskievich und Jauhen Vas\u2019kovich, die im Herbst 2010 und Winter 2011 festgenommen und im Mai 2011 f\u00fcr eine Reihe von Angriffen auf Symbole von Staat und Kapital zu <a title=\"Wei\u00dfrussische Anarchisten verurteilt \u2013 bis zu acht Jahre unter versch\u00e4rften Bedingungen\" href=\"http:\/\/www.abc-berlin.net\/weisrussische-anarchisten-verurteilt-bis-zu-acht-jahre-unter-verschaerften-bedingungen\" target=\"_blank\">Haftstrafen von 3 bis 8 Jahren Gef\u00e4ngnis<\/a> verurteilt wurden, sitzen jetzt bereits 2 Jahre im Gef\u00e4ngnis. W\u00e4hrend dieser Zeit gaben ihre Genoss_innen und Verwandten ihr Bestes, um ihnen zu helfen, damit sie sich im Gef\u00e4ngnis einigerma\u00dfen wohl f\u00fchlen und sie frei zu bekommen. Im Oktober 2011 wurden sie als politische Gefangene von Menschenrechts-Organisationen anerkannt. Diese Tatsache vergr\u00f6\u00dferte ihre Chance, so bald wie m\u00f6glich frei zu kommen. Denn im Moment steht der Pr\u00e4sident von Belarus, Alexander Lukaschenko, unter dem Druck der Europ\u00e4ischen Union alle politischen Gefangenen freizulassen und zu entkriminalisieren.<\/p>\n<p>Seit August 2011 hat er bereits mehr als 30 von ihnen begnadigt, aber niemand von unseren Genoss_innen wurde Freiheit gew\u00e4hrt. Lukaschenko lies \u00f6ffentlich verlauten, dass er nur denjenigen stattgibt, die den Gnadengesuch unterschreiben, damit ihre Schuld eingestehen und ihn pers\u00f6nlich um Gnade bitten. Der Rest wird im Gef\u00e4ngnis bleiben, erkl\u00e4rte er. In der Tat wurden alle inhaftierten Anarchisten oft aufgefordert, dass sie ein solches Papier unterschreiben sollen. F\u00fcnf von ihnen weigerten sich das zu tun. Artsiom Prakapenka unterschrieb unter Druck, sitzt aber immer noch im Gef\u00e4ngnis. Aktuell sind noch 15 weitere politische Gefangene in Belarus inhaftiert. Unter ihnen sind 5 unserer Genoss_innen und ein weiterer, der f\u00fcr eine Solidarit\u00e4tsaktion inhaftiert wurde. Alle Gefangenen erleben verschiedene Arten von Unterdr\u00fcckung durch Verwaltung der Gef\u00e4ngnisse in denen sie gefangen gehalten werden. Da Lukaschenko als Gewinner aus dieser Situation hervorgehen will, soll es nicht so aussehen als h\u00e4tte die EU ihn mit Angst vor weiteren politischen und wirtschaftlichen Sanktionen gezwungen sie zu befreien, sondern dass es sein guter Wille ist sie zu begnadigen. und das auch nur wenn sie ihn bitten. Wir lehnen die Tatsache ab, dass unsere Genossen_innen nun als Verhandlungsmasse f\u00fcr Leistungen der EU dienen sollen und verurteilen die Unterdr\u00fcckung, die sie in den Gef\u00e4ngnissen erleben. Wir rufen alle dazu auf, gegen diese Folter zu protestieren und fordern die sofortige Freilassung der politischen Gefangenen in Belarus, einschlie\u00dflich der Anarchist_innen.<\/p>\n<p>Wir begr\u00fc\u00dfen Solidarit\u00e4tsaktionen jeglicher Art welche sich von jetzt an bis zu den Tagen der Solidarit\u00e4t ansammeln, wir bitten euch mindestens einmal im Monat Solidarit\u00e4tsaktionen zu machen, wenn m\u00f6glich auch nach den Aktionstagen. Wir brauchen in dieser Situation einen st\u00e4ndigen Druck auf das Regime und die EU-Politiker.<\/p>\n<p style=\"text-align: right;\"><em>Die <a href=\"http:\/\/fda-ifa.org\/\" target=\"_blank\">Internationale der Anarchistischen F\u00f6derationen<\/a> im August 2012<\/em><\/p>\n","protected":false},"excerpt":{"rendered":"<p>Es ist einige Zeit seit dem letzten Aufruf zur Solidarit\u00e4t mit den belarussischen Anarchisten vergangen. Heute m\u00fcssen wir uns eingestehen, dass eine neue Welle der Solidarit\u00e4t dringend n\u00f6tig ist, um den Betroffenen aus dem Gef\u00e4ngnis zu helfen.<\/p>\n","protected":false},"author":3,"featured_media":10900,"comment_status":"closed","ping_status":"open","sticky":false,"template":"","format":"standard","meta":{"_links_to":"","_links_to_target":""},"categories":[22,297,9,10],"tags":[228,52,261,211],"_links":{"self":[{"href":"https:\/\/www.abc-berlin.net\/2008\/wp-json\/wp\/v2\/posts\/7590"}],"collection":[{"href":"https:\/\/www.abc-berlin.net\/2008\/wp-json\/wp\/v2\/posts"}],"about":[{"href":"https:\/\/www.abc-berlin.net\/2008\/wp-json\/wp\/v2\/types\/post"}],"author":[{"embeddable":true,"href":"https:\/\/www.abc-berlin.net\/2008\/wp-json\/wp\/v2\/users\/3"}],"replies":[{"embeddable":true,"href":"https:\/\/www.abc-berlin.net\/2008\/wp-json\/wp\/v2\/comments?post=7590"}],"version-history":[{"count":5,"href":"https:\/\/www.abc-berlin.net\/2008\/wp-json\/wp\/v2\/posts\/7590\/revisions"}],"predecessor-version":[{"id":10240,"href":"https:\/\/www.abc-berlin.net\/2008\/wp-json\/wp\/v2\/posts\/7590\/revisions\/10240"}],"wp:featuredmedia":[{"embeddable":true,"href":"https:\/\/www.abc-berlin.net\/2008\/wp-json\/wp\/v2\/media\/10900"}],"wp:attachment":[{"href":"https:\/\/www.abc-berlin.net\/2008\/wp-json\/wp\/v2\/media?parent=7590"}],"wp:term":[{"taxonomy":"category","embeddable":true,"href":"https:\/\/www.abc-berlin.net\/2008\/wp-json\/wp\/v2\/categories?post=7590"},{"taxonomy":"post_tag","embeddable":true,"href":"https:\/\/www.abc-berlin.net\/2008\/wp-json\/wp\/v2\/tags?post=7590"}],"curies":[{"name":"wp","href":"https:\/\/api.w.org\/{rel}","templated":true}]}}