{"id":7900,"date":"2012-10-23T18:17:37","date_gmt":"2012-10-23T17:17:37","guid":{"rendered":"http:\/\/www.abc-berlin.net\/?p=7900"},"modified":"2012-10-23T18:17:37","modified_gmt":"2012-10-23T17:17:37","slug":"zusammenfassung-der-antiknasttage-2012-in-dresden","status":"publish","type":"post","link":"https:\/\/www.abc-berlin.net\/2008\/zusammenfassung-der-antiknasttage-2012-in-dresden","title":{"rendered":"Zusammenfassung der Antiknasttage 2012 in Dresden"},"content":{"rendered":"<p><em>\u00a0<a href=\"http:\/\/www.abc-berlin.net\/wp-content\/uploads\/2012\/10\/az-conni.jpg\" rel=\"lightbox[7900]\"><img loading=\"lazy\" class=\"alignright  wp-image-7901\" title=\"Impressionen der Antiknasttage vom 4. bis 7. Oktober 2012 in Dresden\" src=\"http:\/\/www.abc-berlin.net\/wp-content\/uploads\/2012\/10\/az-conni-250x187.jpg\" alt=\"Impressionen der Antiknasttage vom 4. bis 7. Oktober 2012 in Dresden\" width=\"175\" height=\"131\" srcset=\"https:\/\/www.abc-berlin.net\/2008\/wp-content\/uploads\/2012\/10\/az-conni-250x187.jpg 250w, https:\/\/www.abc-berlin.net\/2008\/wp-content\/uploads\/2012\/10\/az-conni-600x450.jpg 600w, https:\/\/www.abc-berlin.net\/2008\/wp-content\/uploads\/2012\/10\/az-conni.jpg 640w\" sizes=\"(max-width: 175px) 100vw, 175px\" \/><\/a>\u00fcbernommen von <a href=\"https:\/\/linksunten.indymedia.org\/de\/node\/69610\" target=\"_blank\">linksunten.indymedia.org<\/a><\/em><\/p>\n<p>\u201eKnast geht uns alle an!\u201c So lautete der Untertitel der <a href=\"http:\/\/antiknast-2012.tk\/\" target=\"_blank\">Antiknasttage vom 4. bis 7. Oktober 2012 in Dresden<\/a>. In Vortr\u00e4gen, Workshops, Diskussionen und einer Ausstellung wurden verschiedene Aspekte von Knast, Autorit\u00e4t und Repression aufgezeigt und kritisch betrachtet. Au\u00dferdem gab es eine spontane Aktion vor den Mauern der JVA Dresden, um den Gefangenen zu zeigen, dass sie hinter den Mauern nicht allein sind oder vergessen werden.<br \/>\n<!--more--><\/p>\n<p style=\"text-align: center;\"><strong>Warum Antiknasttage?<\/strong><strong>\u00a0<\/strong><\/p>\n<p>Jede Gesellschaftsordnung, die auf Macht und Unterdr\u00fcckung basiert, braucht Kn\u00e4ste um diejenigen zu bestrafen, die sich nicht ihren Regeln unterwerfen. Dies beginnt in der Schule, wo Leistungserwartungen und Kopfnoten die Sch\u00fclerInnen unter Druck setzen, mitkommen nicht mitkommen. Die kapitalistische Verwertungslogik und die amtliche Kontrolle lassen sich ebenfalls in allen Teilen unserer Lebenswelt wiederfinden. Das f\u00e4ngt bei Schikanen im Jobcenter an und reicht bis zur Funkzellenauswertung und anderen Methoden der Rasterfahndung. Die Spitze dieses repressiven Systems stellt in unserer Gesellschaft wohl der Knast dar.<\/p>\n<p>Aber das Thema Knast ist sehr komplex und l\u00e4sst sich wohl kaum in vier Tagen abhandeln. Genau das war f\u00fcr uns der Anlass einen m\u00f6glichst breiten \u00dcberblick und Einstieg in die verschiedenen Debatten zu geben. Im folgenden soll kurz dokumentiert werden, welche Veranstaltungen im <a href=\"http:\/\/azconni.de\/\" target=\"_blank\">AZ Conni<\/a>\u00a0 stattgefunden haben und wo ihr weitere Informationen dazu findet.<\/p>\n<hr \/>\n<p style=\"text-align: center;\"><strong>Was war da los?<\/strong><\/p>\n<p><a href=\"http:\/\/www.abc-berlin.net\/wp-content\/uploads\/2012\/10\/az-conni-2.jpg\" rel=\"lightbox[7900]\"><img loading=\"lazy\" class=\"alignright  wp-image-7902\" title=\"Impressionen der Antiknasttage vom 4. bis 7. Oktober 2012 in Dresden\" src=\"http:\/\/www.abc-berlin.net\/wp-content\/uploads\/2012\/10\/az-conni-2-250x187.jpg\" alt=\"Impressionen der Antiknasttage vom 4. bis 7. Oktober 2012 in Dresden\" width=\"175\" height=\"131\" srcset=\"https:\/\/www.abc-berlin.net\/2008\/wp-content\/uploads\/2012\/10\/az-conni-2-250x187.jpg 250w, https:\/\/www.abc-berlin.net\/2008\/wp-content\/uploads\/2012\/10\/az-conni-2-600x450.jpg 600w, https:\/\/www.abc-berlin.net\/2008\/wp-content\/uploads\/2012\/10\/az-conni-2.jpg 640w\" sizes=\"(max-width: 175px) 100vw, 175px\" \/><\/a>Am <strong>Donnerstag<\/strong> dem 4. Oktober fand im Rahmen des <a href=\"http:\/\/venceremos.sytes.net\/oat.html\" target=\"_blank\">Offenen Antifa Treffens (OAT)<\/a>\u00a0 die erste Veranstaltung der Antiknasttage statt. Vertreter_innen des <a href=\"http:\/\/alegre-rebeldia.de\/project\/C.A.C.I.T.A\" target=\"_blank\">Kollektivs CACITA<\/a>\u00a0<em> <\/em>erz\u00e4hlten uns von der Situation der indigenen Bev\u00f6lkerung in und den Aufbau des Widerstands durch <a href=\"http:\/\/de.wikipedia.org\/wiki\/Asamblea_Popular_de_los_Pueblos_de_Oaxaca\" target=\"_blank\">ein breites gesellschaftliches B\u00fcndnis<\/a> in Oaxaca. Der Kontrollverlust und die Unregierbarkeit dieser Region f\u00fchrte zu massiver Repression durch Polizei, Armee und Paramilit\u00e4rs.<\/p>\n<p>Weiter ging es am <strong>Freitag<\/strong>. Das <a href=\"http:\/\/blackwok.noblogs.org\/\" target=\"_blank\">K\u00fcfa Kollektiv Black Wok<\/a>\u00a0 hat f\u00fcr eine Woche die No-Border-Aktivist_innen in Calais, im Norden Frankreichs unterst\u00fctzt. Die mobile Gro\u00dfk\u00fcche hat mit und f\u00fcr MigrantInnen, <a href=\"http:\/\/de.wikipedia.org\/wiki\/Sans_papier\" target=\"_blank\">die sogenannten \u201eSans-papier\u201c<\/a>, gekocht und sich mit deren Situation auseinandergesetzt. Nach einer allgemeinen Einleitung zum Thema Migration, folgte ein ausf\u00fchrlicher Bericht \u00fcber die Erlebnisse und <a href=\"http:\/\/calaismigrantsolidarity.blogsport.de\/wissenswertes\/\" target=\"_blank\">Zust\u00e4nde\u00a0 in den Squats und Jungles<\/a> in der Region um Calais.<\/p>\n<p>Im Anschluss gab es vom <a href=\"http:\/\/autonomes-knastprojekt.blogspot.de\/\" target=\"_blank\">Autonomen Knastprojekt K\u00f6ln<\/a> einen kurzen Input zum Thema <a href=\"http:\/\/de.wikipedia.org\/wiki\/Ersatzfreiheitsstrafe\" target=\"_blank\">Ersatzfreiheitsstrafe<\/a>. Bu\u00dfgeld zahlen, Arbeitsstunden leisten oder doch die Tagess\u00e4tze absitzen? W\u00e4hrend die einen versuchen auszubrechen, bezahlen die anderen durch das \u201eAbdr\u00fccken der Knete\u201c die Reparatur der Gitter, finanzieren den Ausbau der Repressionsinstrumente. In der anschlie\u00dfenden Diskussion wurden grunds\u00e4tzliche aber auch individuelle F\u00e4lle besprochen.<\/p>\n<p>Der <strong>Samstag<\/strong> begann mit einem Res\u00fcmee zur Kommunikation mit Gefangenen, denn eine Bewegung, die ihre Gefangenen vergisst, ist im Grunde politisch und moralisch tot! Ein Vertreter von <a href=\"http:\/\/political-prisoners.net\/\" target=\"_blank\">Political Prisoners<\/a> Hamburg argumentierte weswegen emanzipatorische K\u00e4mpfe nicht an den Gef\u00e4ngnismauern aufh\u00f6ren d\u00fcrfen. Warum es wichtig ist, <a href=\"http:\/\/hundertneunundzwanzigev.blogsport.de\/material\/weiterfuehrendes-material\/#Schreiben\" target=\"_blank\">mit den Eingesperrten in Kontakt zu bleiben und was dabei zu beachten ist<\/a>, wurde hier auch diskutiert. Hier findet ihr eine <a href=\"http:\/\/www.18maerz.de\/web\/index.php\/gefangenensolidaritaet\/adressen-von-gefangenen\/156-adressen-von-gefangenen\" target=\"_blank\">lange Liste mit Adressen von Gefangenen<\/a>.<\/p>\n<p>Am Samstagabend fand eine szenische Lesung aus der <a href=\"http:\/\/knastbroschuere.blogsport.de\/\" target=\"_blank\">Brosch\u00fcre \u201eSolidarische Gr\u00fc\u00dfe aus dem Knast\u201c<\/a> statt. Durch das Abh\u00e4ngen der B\u00fchne wurde das Szenario Gef\u00e4ngniszelle (eine Lampe und ein Stuhl) in den Konzertsaal des AZ Conni geholt. In den vorgetragenen Texten kamen Gefangene aus aller Welt zu Wort. Sie berichteten von ihrem Alltag, ihren Tr\u00e4umen und \u00c4ngsten in den Gef\u00e4ngnissen verschiedener L\u00e4nder. In der Brosch\u00fcre finden sich Gedichte, Kurzgeschichten, Tagebucheintr\u00e4ge, Bilder und Karikaturen. Vorgetragen wurden Beitr\u00e4ge von Tommy Tank (JVA Torgau), Aymene (Saluzzo, Italien), Thomas Meyer Falk (JVA Bruchsal<strong> <\/strong>), Arthur Konowalik (Rzesz\u00f3w, Polen) u.a. Die Brosch\u00fcre schildert auf eindr\u00fcckliche Art und Weise Gedanken und Gef\u00fchle hinter Gittern. Sie kann <a href=\"http:\/\/knastbroschuere.blogsport.de\/broschuere\/\">hier online gelesen<\/a> und <a href=\"http:\/\/www.black-mosquito.org\/index.php\/mit-solidarischen-grussen-aus-dem-knast.html\">bestellt werden<\/a>.<\/p>\n<p>Unter dem Titel \u201eEine Gesellschaft ohne Kn\u00e4ste?!\u201c gab es im Anschluss an die Lesung eine offene Diskussion. Diese erstreckte sich von der Analyse der Ursachen und Funktionen von Kn\u00e4sten bis hin zu \u00dcberlegungen, wie ein Zusammenleben ohne Repression gestaltet werden k\u00f6nne. Auch grundlegende Fragen, wie z.B.: \u201eWas passiert mit Vergewaltigern und M\u00f6rdern?\u201c \u201eWann und wo findet Repression in unserem Alltag statt?\u201c \u201eWelche alternativen Modelle von Gerichtsbarkeiten werden jetzt schon angewendet und funktioniert das auch?\u201c, wurden diskutiert.<\/p>\n<p>Am <strong>Sonntag<\/strong> berichteten uns Vertreter_innen von <a href=\"http:\/\/www.no129.info\/\" target=\"_blank\">Politcal Prisoners<\/a> Berlin und Hamburg vom <a href=\"http:\/\/dejure.org\/gesetze\/StGB\/129b.html\" target=\"_blank\">\u00a7129b StGB (Bildung einer kriminellen oder terroristischen Vereinigung im Ausland)<\/a>. Dieser wurde im Jahr 2002 in das deutsche Strafgesetzbuch eingef\u00fcgt. Gerechtfertigt wurde die Erg\u00e4nzung des StGB mit der zunehmenden Gefahr durch den Islamismus.<br \/>\nEin Gro\u00dfteil der Verfahren nach \u00a7129b wird jedoch nicht gegen religi\u00f6se Fundamentalisten angewendet, sondern <a href=\"http:\/\/www.no129.info\/s129b-prozesse.html\" target=\"_blank\">gegen t\u00fcrkische und kurdische Exil-Organisationen<\/a>. Die Bundesrepublik macht sich so zum Handlanger der t\u00fcrkischen Justiz. Bei den in Deutschland gef\u00fchrten Verfahren werden unter Folter erpresste Gest\u00e4ndnisse von der Staatsanwaltschaft verwendet. Au\u00dferdem ging es um die Schikanen und internationalen Verstrickungen, die der \u00a7129b bisher mit sich brachte. Mehr Infos findet ihr in der downloadbaren Brosch\u00fcre <a href=\"http:\/\/www.no129.info\/images\/stories\/media\/129b_brosch.pdf\" target=\"_blank\">\u201eSolidarit\u00e4t muss praktisch werden!\u201c<\/a><\/p>\n<p>Danach gab es einige <a href=\"http:\/\/denizk.blogsport.de\/verfahren\/\" target=\"_blank\">Hintergundinformationen zur Situation von Deniz K.<\/a> Der 19-j\u00e4hrige sitzt seit 21. April in N\u00fcrnberg in Untersuchungshaft. In der Anklage der Staatsanwaltschaft wird ihm versuchter Totschlag an Polizisten vorgeworfen. Mit einer Fahnenstange aus Holz soll er versucht haben, gleich 5 Polizeibeamte w\u00e4hrend einer Demonstration am 31. M\u00e4rz in N\u00fcrnberg umzubringen. Der Prozess wird Ende Oktober beginnen. Es gab kurze Infos \u00fcber den aktuellen Stand des Verfahrens.<\/p>\n<p>Weiterf\u00fchrend ist geplant, dass VertreterInnen des <a href=\"http:\/\/denizk.blogsport.de\/kontakt\/\" target=\"_blank\">Solikomitees \u201eFreiheit f\u00fcr Deniz K.\u201c<\/a> ausf\u00fchrlicher \u00fcber die Repression und die Haft von Deniz berichten. Vermutlich wird diese Veranstaltung an einem <a href=\"http:\/\/venceremos.sytes.net\/oat.html\" target=\"_blank\">Donnerstag zum OAT<\/a> stattfinden.<\/p>\n<hr \/>\n<p style=\"text-align: center;\">\u00a0<strong>Ausstellung und Versteigerung<\/strong><\/p>\n<p><a href=\"http:\/\/www.abc-berlin.net\/wp-content\/uploads\/2012\/10\/ausstellung.jpg\" rel=\"lightbox[7900]\"><img loading=\"lazy\" class=\"alignright  wp-image-7903\" title=\"Impressionen der Antiknasttage vom 4. bis 7. Oktober 2012 in Dresden\" src=\"http:\/\/www.abc-berlin.net\/wp-content\/uploads\/2012\/10\/ausstellung-250x187.jpg\" alt=\"Impressionen der Antiknasttage vom 4. bis 7. Oktober 2012 in Dresden\" width=\"175\" height=\"131\" srcset=\"https:\/\/www.abc-berlin.net\/2008\/wp-content\/uploads\/2012\/10\/ausstellung-250x187.jpg 250w, https:\/\/www.abc-berlin.net\/2008\/wp-content\/uploads\/2012\/10\/ausstellung-600x450.jpg 600w, https:\/\/www.abc-berlin.net\/2008\/wp-content\/uploads\/2012\/10\/ausstellung.jpg 640w\" sizes=\"(max-width: 175px) 100vw, 175px\" \/><\/a>Von Donnerstag bis Sonntag gab es in den R\u00e4umen des AZ Conni die Ausstellung <strong>\u201eKunst aus dem Knast\u201c<\/strong> zu bestaunen. Dabei handelte es sich um eingescannte <strong>Portraits, Fotos, Karikaturen und Zeichnungen von Gefangenen<\/strong> wie Bart de Geeter, G\u00fcnther Finneisen, Filiz Gen\u00e7er u.a.<\/p>\n<p>Am Sonntag konnten alle Kunstwerke meistbietend ersteigert werden. Dadurch kam unerwartet viel Solikohle f\u00fcr Antirepressionsarbeit zusammen. Danke an alle Menschen, die mitgefiebert und mitgesteigert haben.<\/p>\n<hr \/>\n<p style=\"text-align: center;\">\u00a0<strong>Aktion am Knast<\/strong><\/p>\n<p><a href=\"http:\/\/www.abc-berlin.net\/wp-content\/uploads\/2012\/10\/aktion-am-knast.jpg\" rel=\"lightbox[7900]\"><img loading=\"lazy\" class=\"alignright  wp-image-7904\" title=\"Impressionen der Antiknasttage vom 4. bis 7. Oktober 2012 in Dresden\" src=\"http:\/\/www.abc-berlin.net\/wp-content\/uploads\/2012\/10\/aktion-am-knast-250x187.jpg\" alt=\"Impressionen der Antiknasttage vom 4. bis 7. Oktober 2012 in Dresden\" width=\"175\" height=\"131\" srcset=\"https:\/\/www.abc-berlin.net\/2008\/wp-content\/uploads\/2012\/10\/aktion-am-knast-250x187.jpg 250w, https:\/\/www.abc-berlin.net\/2008\/wp-content\/uploads\/2012\/10\/aktion-am-knast-600x450.jpg 600w, https:\/\/www.abc-berlin.net\/2008\/wp-content\/uploads\/2012\/10\/aktion-am-knast.jpg 640w\" sizes=\"(max-width: 175px) 100vw, 175px\" \/><\/a>Am Samstagnachmittag fanden sich ca. 35 Personen zu einer spontanen <strong>Aktion vor der JVA Dresden<\/strong> zusammen. Ein Bollerwagen, beladen mit Generator und Box sollte die JVA mit lauter Musik und einem Redebeitrag beschallen. Auf Grund der Wind- und Wetterverh\u00e4ltnisse vermuten wir leider, dass der Schall nur wenige Inhalte in die Gef\u00e4ngnish\u00f6fe tragen konnte. Die akustischen Defizite wurden durch den Einsatz optischer Hilfsmittel (Pyrotechnik und Transparent) ausgeglichen. Zu h\u00f6ren und zu sehen waren au\u00dferdem Reaktionen der Gefangenen, wie z.B. winken und br\u00fcllen.<\/p>\n<p>Nach ca. 15 Minuten unterbrach das eintreffende Blaulicht von ca. 10 Sixpacks die spontane Aktion. Die Ansammlung verstreute sich im Gel\u00e4nde, wobei der Schutz des Bollerwagen-Lautis nicht ausblieb. Die Bullen stellten einige Personalien fest und erteilten Platzverweise. W\u00e4hrend der Personalienfeststellung waren ebenfalls solidarische Rufe (\u201eACAB\u201c, \u201eSchei\u00df Bullen!\u201c usw.) aus den Zellen zu h\u00f6ren, da sich dies noch unmittelbar vor den Mauern der JVA abspielte. Es gab keine Festnahmen, so konnte das Programm nach einer St\u00e4rkung durch das K\u00fcfa Kollektiv Black Wok weitergehen.<\/p>\n<hr \/>\n<p style=\"text-align: center;\">\u00a0<strong><\/strong><strong>Am Ende&#8230;<\/strong><\/p>\n<p>Im Gro\u00dfen und Ganzen verliefen die Antiknasttage 2012 ohne gro\u00dfe Zwischenf\u00e4lle und Probleme. Jedoch m\u00fcssen wir einr\u00e4umen, dass es zu etlichen Verz\u00f6gerungen im Programm kam, da einige Veranstaltungen sp\u00e4ter als geplant begannen oder die anschlie\u00dfenden Diskussionen mehr Zeit in Anspruch nahmen.<\/p>\n<p>Zun\u00e4chst hatten wir den Eindruck, dass Menschen, die sich weniger oder noch gar nicht mit dem Thema Knast besch\u00e4ftigt haben, nur schwer den Vortr\u00e4gen und Diskussionen folgen konnten. Jedoch gab es auch jenseits der Veranstaltungen, also an der Bar, beim Essen oder auf dem Hof angeregte Diskussionen. Vielleicht w\u00e4re es besser gewesen eine grundlegende Einf\u00fchrungsveranstaltung zum Thema (Anti-)Knast anzubieten, um die bestehenden Wissenshierarchien abzubauen.<\/p>\n<p>Auch <strong>nach vier Tagen Input<\/strong>, war noch genug Power f\u00fcr bereichernde Gespr\u00e4che und Vernetzungen vorhanden. Dies lag nicht zuletzt an der reichhaltigen und leckeren Verpflegung durch das <a href=\"http:\/\/blackwok.noblogs.org\/\" target=\"_blank\">K\u00fcfa Kollektiv Black Wok<\/a>. Dieses freut sich immer \u00fcber Anfragen um f\u00fcr politische Veranstaltungen zu kochen.<\/p>\n<p>Abschlie\u00dfend m\u00f6chten wir allen Beteiligten danken, die f\u00fcr den reibungslosen Ablauf der Antiknasttage gesorgt haben. Zu nennen w\u00e4ren da; alle Vortragenden, die Menschen hinter dem Mischpult, der Bar und in der K\u00fcche, sowie allen die sonst noch irgendwie mitgemischt haben.<\/p>\n<p>Alle Veranstaltungen dieses Wochenendes wurden mitgeschnitten. Diese werden im Moment noch bearbeitet und sind <a href=\"http:\/\/www.mixcloud.com\/129ev\" target=\"_blank\">demn\u00e4chst bei mixcloud<\/a> verf\u00fcgbar.<\/p>\n<hr \/>\n<p><em><strong>Kampagne 129 ev<\/strong><\/em><\/p>\n<p><em>Web: <a href=\"http:\/\/hundertneunundzwanzigev.blogsport.de\/\" target=\"_blank\">http:\/\/129-ev.tk<\/a><\/em><\/p>\n<p><em>Material: <a href=\"http:\/\/hundertneunundzwanzigev.blogsport.de\/material\/\" target=\"_blank\">hier<\/a><br \/>\n<\/em><\/p>\n<p><em>Kontakt: abolish129 [\u00e4t] riseup.net<\/em><\/p>\n<p><em>PGP-Schl\u00fcssel: <a href=\"http:\/\/hundertneunundzwanzigev.blogsport.de\/kontakt\/\" target=\"_blank\">hier <\/a><\/em><\/p>\n<p><em><strong>Rote Hilfe Dresden<\/strong><\/em><\/p>\n<p><em>Kontakt: dresden<\/em><em> [\u00e4t] <\/em><em>rote-hilfe.de<\/em><\/p>\n<p><em>PGP-Schl\u00fcssel: <a href=\"http:\/\/hundertneunundzwanzigev.blogsport.de\/kontakt\/rote-hilfe-dresden\/\">hier<\/a><\/em><\/p>\n<p><em><strong>Spendenkonto<\/strong><\/em><\/p>\n<p><em>Repression kostet Kohle &#8211; Jeder Beitrag hilft!<\/em><\/p>\n<p><em>Solidarit\u00e4t mit den Betroffenen der \u00a7129 Verfahren&#8230;<\/em><\/p>\n<p>Rote Hilfe Dresden, Konto: 609760434<br \/>\nBLZ 36010043, Postbank Essen<br \/>\nStichwort \u201e129 Verfahren\u201c <em>(f\u00fcr die Prozesskosten)<\/em><br \/>\nStichwort \u201e129 Soliarbeit\u201c<em> (f\u00fcr Kosten der Kampagnenarbeit)<\/em><\/p>\n","protected":false},"excerpt":{"rendered":"<p>\u00a0\u00fcbernommen von linksunten.indymedia.org \u201eKnast geht uns alle an!\u201c So lautete der Untertitel der Antiknasttage vom 4. bis 7. Oktober 2012 in Dresden. In Vortr\u00e4gen, Workshops, Diskussionen und einer Ausstellung wurden verschiedene Aspekte von Knast, Autorit\u00e4t und Repression aufgezeigt und&#46;&#46;&#46;<\/p>\n","protected":false},"author":3,"featured_media":0,"comment_status":"closed","ping_status":"open","sticky":false,"template":"","format":"standard","meta":{"_links_to":"","_links_to_target":""},"categories":[25,36,462],"tags":[397,38,92,174],"_links":{"self":[{"href":"https:\/\/www.abc-berlin.net\/2008\/wp-json\/wp\/v2\/posts\/7900"}],"collection":[{"href":"https:\/\/www.abc-berlin.net\/2008\/wp-json\/wp\/v2\/posts"}],"about":[{"href":"https:\/\/www.abc-berlin.net\/2008\/wp-json\/wp\/v2\/types\/post"}],"author":[{"embeddable":true,"href":"https:\/\/www.abc-berlin.net\/2008\/wp-json\/wp\/v2\/users\/3"}],"replies":[{"embeddable":true,"href":"https:\/\/www.abc-berlin.net\/2008\/wp-json\/wp\/v2\/comments?post=7900"}],"version-history":[{"count":4,"href":"https:\/\/www.abc-berlin.net\/2008\/wp-json\/wp\/v2\/posts\/7900\/revisions"}],"predecessor-version":[{"id":7908,"href":"https:\/\/www.abc-berlin.net\/2008\/wp-json\/wp\/v2\/posts\/7900\/revisions\/7908"}],"wp:attachment":[{"href":"https:\/\/www.abc-berlin.net\/2008\/wp-json\/wp\/v2\/media?parent=7900"}],"wp:term":[{"taxonomy":"category","embeddable":true,"href":"https:\/\/www.abc-berlin.net\/2008\/wp-json\/wp\/v2\/categories?post=7900"},{"taxonomy":"post_tag","embeddable":true,"href":"https:\/\/www.abc-berlin.net\/2008\/wp-json\/wp\/v2\/tags?post=7900"}],"curies":[{"name":"wp","href":"https:\/\/api.w.org\/{rel}","templated":true}]}}