{"id":8072,"date":"2012-12-06T08:50:29","date_gmt":"2012-12-06T07:50:29","guid":{"rendered":"http:\/\/www.abc-berlin.net\/?p=8072"},"modified":"2012-12-06T08:51:40","modified_gmt":"2012-12-06T07:51:40","slug":"berlin-solidarisches-poster-zum-prozess-gegen-sonja-und-christian","status":"publish","type":"post","link":"https:\/\/www.abc-berlin.net\/2008\/berlin-solidarisches-poster-zum-prozess-gegen-sonja-und-christian","title":{"rendered":"[B] Solidarisches Poster zum Prozess gegen Sonja und Christian"},"content":{"rendered":"<p><a href=\"http:\/\/www.abc-berlin.net\/wp-content\/uploads\/2012\/12\/wand_1.jpg\" rel=\"lightbox[8072]\"><img loading=\"lazy\" class=\"alignright  wp-image-8073\" title=\"Solidarisches Poster zum Prozess gegen Sonja und Christian\" src=\"http:\/\/www.abc-berlin.net\/wp-content\/uploads\/2012\/12\/wand_1-166x250.jpg\" alt=\"Solidarisches Poster zum Prozess gegen Sonja und Christian\" width=\"133\" height=\"200\" srcset=\"https:\/\/www.abc-berlin.net\/2008\/wp-content\/uploads\/2012\/12\/wand_1-166x250.jpg 166w, https:\/\/www.abc-berlin.net\/2008\/wp-content\/uploads\/2012\/12\/wand_1-398x600.jpg 398w, https:\/\/www.abc-berlin.net\/2008\/wp-content\/uploads\/2012\/12\/wand_1.jpg 700w\" sizes=\"(max-width: 133px) 100vw, 133px\" \/><\/a>Seit mehreren Monaten findet in Frankfurt\/Main ein sonderliches Schauspiel statt &#8211; der Prozess gegen <a href=\"http:\/\/www.abc-berlin.net\/tag\/sonja-suder\" target=\"_blank\">Sonja Suder<\/a> und <a href=\"http:\/\/www.abc-berlin.net\/tag\/christian-gauger\" target=\"_blank\">Christian Gauger<\/a>, denen die Beteiligung an militanten Angriffen auf Staat und Kapital, im Namen der Stadtguerrila <em>Revolution\u00e4re Zellen<\/em> in den 70er Jahren, vorgeworfen wird.<\/p>\n<p>Sonja und Christian werden zwei von rund einem Dutzend Anti-Atom-Anschl\u00e4gen der RZ vorgeworfen: Der vom 22. August 1977 richtete sich gegen den deutschen Konzern MAN wegen dessen Hilfe bei der Herstellung s\u00fcdafrikanischer Atombomben. MAN exportierte Verdichter f\u00fcr eine Urananreicherungsanlage an das rassistische Apartheidregime. Der zweite Anschlag richtete sich kurz danach gegen den KSB-Konzern, den damals weltweit gr\u00f6\u00dften Pumpenhersteller f\u00fcr AKWs. <!--more-->Au\u00dferdem sollen Sonja und Christian als Mitglieder einer RZ am 18. Mai 1978 einen Brandanschlag auf das Heidelberger Schloss ver\u00fcbt haben, der den Widerspruch zwischen der schicken Touristenfassade Heidelbergs und der profitorientierten Abrisspolitik ganzer Stadtviertel beleuchten sollte. Sonja wird au\u00dferdem vorgeworfen, sie habe den \u00dcberfall auf die OPEC-Konferenz in Wien 1975 logistisch unterst\u00fctzt. Beide wurden seit 1978 von der Polizei gesucht, im Jahr 2000 in Frankreich verhaftet und nach elf Jahren auf Grundlage eines europ\u00e4ischen Haftbefehls an Deutschland ausgeliefert. Seit September 2011 sitzt Sonja in U-Haft im Preungesheimer Knast, Christian ist wegen einer schweren Erkrankung von der Haft verschont.<\/p>\n<p>In Berlin ist seit einer Woche an einer Hauswand im Stadtteil Kreuzberg ein gro\u00dfes solidarisches Poster zu sehen, auf welchem ein Zitat von Sonja zu lesen ist &#8211; <strong><em>\u201cWenn du vorher ausgemacht hast: Wenn einmal etwas passiert, dann kein Wort, keine Aussage, dann hast du ein sehr sicheres Gef\u00fchl.\u201c\u00a0<\/em><\/strong><\/p>\n<p>Dieses spielt darauf an, dass die beiden das Angebot eines Deals mit der Staatsanwaltschaft abgelehnt haben und damit zeigen, dass f\u00fcr sie eine Kooperation mit dem Staat und seinen willigen HelferInnen nicht zur Debatte steht. Bewusst haben sie sich entschieden sich nicht dem deutschen Staat zu stellen und \u00fcber ihre Geschichte und die Vergangenheit auszupacken, lieber haben sie das unsichere und unruhige Leben mit einer anderen Identit\u00e4t gew\u00e4hlt.<\/p>\n<p>Kommt zum Prozess nach Frankfurt und zeigt euch solidarisch. Eine M\u00f6glichkeit dazu gibt es am 14. Dezember mit einem <a href=\"http:\/\/www.verdammtlangquer.org\/2012\/11\/ein-bus-der-solidaritat-von-berlin-nach-frankfurtmain\/\" target=\"_blank\">Bus von Berlin<\/a> aus.<\/p>\n<p>Weitere Infos zum Prozess und den Hintergr\u00fcnden: <a href=\"http:\/\/www.verdammtlangquer.org\/\" target=\"_blank\">www.verdammtlangquer.org<\/a><\/p>\n<p style=\"text-align: center;\"><a href=\"http:\/\/www.abc-berlin.net\/wp-content\/uploads\/2012\/12\/wand_2.jpg\" rel=\"lightbox[8072]\"><img loading=\"lazy\" class=\"aligncenter size-full wp-image-8074\" title=\"Solidarisches Poster zum Prozess gegen Sonja und Christian\" src=\"http:\/\/www.abc-berlin.net\/wp-content\/uploads\/2012\/12\/wand_2.jpg\" alt=\"Solidarisches Poster zum Prozess gegen Sonja und Christian\" width=\"243\" height=\"357\" srcset=\"https:\/\/www.abc-berlin.net\/2008\/wp-content\/uploads\/2012\/12\/wand_2.jpg 243w, https:\/\/www.abc-berlin.net\/2008\/wp-content\/uploads\/2012\/12\/wand_2-170x250.jpg 170w\" sizes=\"(max-width: 243px) 100vw, 243px\" \/><\/a><a href=\"http:\/\/www.abc-berlin.net\/wp-content\/uploads\/2012\/12\/wand_3.jpg\" rel=\"lightbox[8072]\"><img loading=\"lazy\" class=\"aligncenter  wp-image-8075\" title=\"Solidarisches Poster zum Prozess gegen Sonja und Christian\" src=\"http:\/\/www.abc-berlin.net\/wp-content\/uploads\/2012\/12\/wand_3-700x464.jpg\" alt=\"Solidarisches Poster zum Prozess gegen Sonja und Christian\" width=\"490\" height=\"325\" \/><\/a><\/p>\n","protected":false},"excerpt":{"rendered":"<p>Seit mehreren Monaten findet in Frankfurt\/Main ein sonderliches Schauspiel statt &#8211; der Prozess gegen Sonja Suder und Christian Gauger, denen die Beteiligung an militanten Angriffen auf Staat und Kapital, im Namen der Stadtguerrila Revolution\u00e4re Zellen in den 70er Jahren,&#46;&#46;&#46;<\/p>\n","protected":false},"author":3,"featured_media":0,"comment_status":"closed","ping_status":"open","sticky":false,"template":"","format":"standard","meta":{"_links_to":"","_links_to_target":""},"categories":[2,9,19,10],"tags":[337,704,224,335,703,338],"_links":{"self":[{"href":"https:\/\/www.abc-berlin.net\/2008\/wp-json\/wp\/v2\/posts\/8072"}],"collection":[{"href":"https:\/\/www.abc-berlin.net\/2008\/wp-json\/wp\/v2\/posts"}],"about":[{"href":"https:\/\/www.abc-berlin.net\/2008\/wp-json\/wp\/v2\/types\/post"}],"author":[{"embeddable":true,"href":"https:\/\/www.abc-berlin.net\/2008\/wp-json\/wp\/v2\/users\/3"}],"replies":[{"embeddable":true,"href":"https:\/\/www.abc-berlin.net\/2008\/wp-json\/wp\/v2\/comments?post=8072"}],"version-history":[{"count":6,"href":"https:\/\/www.abc-berlin.net\/2008\/wp-json\/wp\/v2\/posts\/8072\/revisions"}],"predecessor-version":[{"id":8080,"href":"https:\/\/www.abc-berlin.net\/2008\/wp-json\/wp\/v2\/posts\/8072\/revisions\/8080"}],"wp:attachment":[{"href":"https:\/\/www.abc-berlin.net\/2008\/wp-json\/wp\/v2\/media?parent=8072"}],"wp:term":[{"taxonomy":"category","embeddable":true,"href":"https:\/\/www.abc-berlin.net\/2008\/wp-json\/wp\/v2\/categories?post=8072"},{"taxonomy":"post_tag","embeddable":true,"href":"https:\/\/www.abc-berlin.net\/2008\/wp-json\/wp\/v2\/tags?post=8072"}],"curies":[{"name":"wp","href":"https:\/\/api.w.org\/{rel}","templated":true}]}}