{"id":8147,"date":"2012-12-13T23:28:16","date_gmt":"2012-12-13T22:28:16","guid":{"rendered":"http:\/\/www.abc-berlin.net\/?p=8147"},"modified":"2013-01-28T17:57:01","modified_gmt":"2013-01-28T16:57:01","slug":"schloss-heidelberg-man-und-verstorbene-zeugen-bericht-zum-prozesstag-gegen-sonja-suder-und-christian-gauger-am-11-12-2012","status":"publish","type":"post","link":"https:\/\/www.abc-berlin.net\/2008\/schloss-heidelberg-man-und-verstorbene-zeugen-bericht-zum-prozesstag-gegen-sonja-suder-und-christian-gauger-am-11-12-2012","title":{"rendered":"Schloss Heidelberg, MAN und verstorbene Zeugen. Bericht zum Prozesstag gegen Sonja Suder und Christian Gauger am 11.12.2012"},"content":{"rendered":"<p><a href=\"http:\/\/www.abc-berlin.net\/wp-content\/uploads\/2012\/12\/Revolution\u00e4re-Zellen-Im-August-1977-detonierte-ein-Sprengk\u00f6rper-im-Verwaltungsgeb\u00e4ude-der-MAN-in-N\u00fcrnberg.jpg\" rel=\"lightbox[8147]\"><img loading=\"lazy\" class=\"alignright  wp-image-8148\" title=\"Revolution\u00e4re Zellen: Im August 1977 detonierte ein Sprengk\u00f6rper im Verwaltungsgeb\u00e4ude der MAN in N\u00fcrnberg\" alt=\"Revolution\u00e4re Zellen: Im August 1977 detonierte ein Sprengk\u00f6rper im Verwaltungsgeb\u00e4ude der MAN in N\u00fcrnberg\" src=\"http:\/\/www.abc-berlin.net\/wp-content\/uploads\/2012\/12\/Revolution\u00e4re-Zellen-Im-August-1977-detonierte-ein-Sprengk\u00f6rper-im-Verwaltungsgeb\u00e4ude-der-MAN-in-N\u00fcrnberg-250x171.jpg\" width=\"175\" height=\"120\" srcset=\"https:\/\/www.abc-berlin.net\/2008\/wp-content\/uploads\/2012\/12\/Revolution\u00e4re-Zellen-Im-August-1977-detonierte-ein-Sprengk\u00f6rper-im-Verwaltungsgeb\u00e4ude-der-MAN-in-N\u00fcrnberg-250x171.jpg 250w, https:\/\/www.abc-berlin.net\/2008\/wp-content\/uploads\/2012\/12\/Revolution\u00e4re-Zellen-Im-August-1977-detonierte-ein-Sprengk\u00f6rper-im-Verwaltungsgeb\u00e4ude-der-MAN-in-N\u00fcrnberg.jpg 600w\" sizes=\"(max-width: 175px) 100vw, 175px\" \/><\/a><em>Von der <a href=\"http:\/\/www.verdammtlangquer.org\/\" target=\"_blank\">Soliwebseite<\/a> f\u00fcr <a href=\"http:\/\/www.abc-berlin.net\/tag\/sonja-suder\" target=\"_blank\">Sonja Suder<\/a> und <a href=\"http:\/\/www.abc-berlin.net\/tag\/christian-gauger\" target=\"_blank\">Christian Gauger<\/a> \u00fcbernehmen wir den Bericht vom Prozesstag am 11. Dezember. Die <a href=\"http:\/\/www.verdammtlangquer.org\/2012\/09\/samtliche-prozesstermine-bis-november\/\" target=\"_blank\">weiteren Prozesstermine<\/a> sind auf der Soliseite einsehbar.<\/em><\/p>\n<p>P\u00fcnktlich beginnt der Prozess, zuvor konnten wir Sonja und Christian lachend und scherzend erleben.<\/p>\n<p>Als erstes wird RA Bremer einen Antrag stellen, der sich auf die Verlesungen im letzten Verhandlungstag bezieht. <!--more-->Es wird hierin ein Sachverst\u00e4ndigergutachten eingefordert: \u00dcber die Vorh\u00e4nge im Schloss Heidelberg, \u00dcber den Brandsatz, die dadurch entstandene Hitze, die nicht ausreichte, das ganze Geb\u00e4ude in Brand zu setzen, au\u00dferdem eine in Augenscheinahme des Tatortes, wegen der Bauweise, die ein \u00dcbergreifen auf andere Geb\u00e4udeteile ausschlie\u00dft. Alle RAe schlie\u00dfen sich dem Antrag an. Dieser Antrag zielt darauf ab, die Schwere der Tat zu relativieren bzw. anders einzuordnen. Er wird zu Kenntnis genommen und nicht weiter darauf eingegangen.<\/p>\n<p>Und schon geht es um Zeugen zu dem Anschlag auf MAN in N\u00fcrnberg. 22.8.1977. Die Polizeilichen Zeugen hierzu sind schon 1998 verstorben. Deshalb werden die Protokolle von damals verlesen, unter anderem zur Tatortsichtung, Spurensuche und der Spurenbericht an das BKA Abt. TE.<\/p>\n<p>Stellungnahme der Staatsanwaltschaft zur Vernehmungsf\u00e4higkeit von HF. Nachfragen beziehen sich auf den Gutachter und ob dieser schon seine Arbeit aufgenommen hat. Hierzu konnte der Staatsanwalt nichts konkretisieren. Es werden Kopien der Bilder des Verletzten HF eingef\u00fchrt und von allen Beteiligten in Augenschein genommen. Es wird nachgefragt, wo die Originale abgeblieben sind. BKA \u2014 LKA?<br \/>\nEs wird beantragt, die Originale zu beschaffen, um sie in Augenschein nehmen zu k\u00f6nnen. Auch die Staatsanwaltschaft schlie\u00dft sich an.<\/p>\n<p>Verlesung eines Schreibens von MAN an das BKA\/LKA \u00fcber die Schadensh\u00f6he beim Anschlag 1977 auf MAN H\u00f6he des Schadens 34.000 DM.<\/p>\n<p>Verlesung des Geb\u00e4udeversicherers an das BKA\/LKA wegen des Anschlags auf das Heidelberger Schloss Schaden 97.000 DM. Es geht um die Schadensersatzforderung nebst 4 % Zinsen zu fordern von \u2013 ja von wem?<br \/>\nHierzu hatte sich der Zeuge krank gemeldet und schon angedeutet, dass er sich nicht mehr erinnern kann, keine Akten mehr vorhanden sind, und ob die Vernehmung, wenn erforderlich, nicht auch in M\u00fcnchen stattfinden kann. Hier\u00fcber steht eine Entscheidung aus.<\/p>\n<p>Staatsanwaltschaft soll sich um die Zeugenermittlung bzw. um deren Verf\u00fcgbarkeit k\u00fcmmern. Zeugen, wie der Vater von Christian, der 1906 geboren ist, und die heute 106 Jahre alt w\u00e4ren, w\u00fcrden sie noch leben.<br \/>\nDie Verhandlung endet um 11 Uhr. Es gab keine Personalienfeststellung am Anfang, aber alles musste abgegeben werden. Es war m\u00f6glich Papier und Schreibzeug mit rein zu nehmen. Im Prozess waren auch wieder 2-3 Zivile anwesend.<\/p>\n","protected":false},"excerpt":{"rendered":"<p>Von der Soliwebseite f\u00fcr Sonja Suder und Christian Gauger \u00fcbernehmen wir den Bericht vom Prozesstag am 11. Dezember. Die weiteren Prozesstermine sind auf der Soliseite einsehbar. P\u00fcnktlich beginnt der Prozess, zuvor konnten wir Sonja und Christian lachend und scherzend&#46;&#46;&#46;<\/p>\n","protected":false},"author":3,"featured_media":0,"comment_status":"closed","ping_status":"open","sticky":false,"template":"","format":"standard","meta":{"_links_to":"","_links_to_target":""},"categories":[36,9,19],"tags":[337,87,704,335,338],"_links":{"self":[{"href":"https:\/\/www.abc-berlin.net\/2008\/wp-json\/wp\/v2\/posts\/8147"}],"collection":[{"href":"https:\/\/www.abc-berlin.net\/2008\/wp-json\/wp\/v2\/posts"}],"about":[{"href":"https:\/\/www.abc-berlin.net\/2008\/wp-json\/wp\/v2\/types\/post"}],"author":[{"embeddable":true,"href":"https:\/\/www.abc-berlin.net\/2008\/wp-json\/wp\/v2\/users\/3"}],"replies":[{"embeddable":true,"href":"https:\/\/www.abc-berlin.net\/2008\/wp-json\/wp\/v2\/comments?post=8147"}],"version-history":[{"count":6,"href":"https:\/\/www.abc-berlin.net\/2008\/wp-json\/wp\/v2\/posts\/8147\/revisions"}],"predecessor-version":[{"id":8153,"href":"https:\/\/www.abc-berlin.net\/2008\/wp-json\/wp\/v2\/posts\/8147\/revisions\/8153"}],"wp:attachment":[{"href":"https:\/\/www.abc-berlin.net\/2008\/wp-json\/wp\/v2\/media?parent=8147"}],"wp:term":[{"taxonomy":"category","embeddable":true,"href":"https:\/\/www.abc-berlin.net\/2008\/wp-json\/wp\/v2\/categories?post=8147"},{"taxonomy":"post_tag","embeddable":true,"href":"https:\/\/www.abc-berlin.net\/2008\/wp-json\/wp\/v2\/tags?post=8147"}],"curies":[{"name":"wp","href":"https:\/\/api.w.org\/{rel}","templated":true}]}}