{"id":8223,"date":"2012-12-28T13:50:21","date_gmt":"2012-12-28T12:50:21","guid":{"rendered":"http:\/\/www.abc-berlin.net\/?p=8223"},"modified":"2014-12-24T15:51:37","modified_gmt":"2014-12-24T14:51:37","slug":"solidaritaet-mit-den-rebellischen-gefangenen","status":"publish","type":"post","link":"https:\/\/www.abc-berlin.net\/2008\/solidaritaet-mit-den-rebellischen-gefangenen","title":{"rendered":"Solidarit\u00e4t mit den rebellischen Gefangenen!"},"content":{"rendered":"<p><a href=\"http:\/\/www.abc-berlin.net\/wp-content\/uploads\/2012\/12\/zwille2.png\" rel=\"lightbox[8223]\"><img loading=\"lazy\" class=\"alignright wp-image-8224\" src=\"http:\/\/www.abc-berlin.net\/wp-content\/uploads\/2012\/12\/zwille2-250x161.png\" alt=\"zwille2\" width=\"200\" height=\"129\" srcset=\"https:\/\/www.abc-berlin.net\/2008\/wp-content\/uploads\/2012\/12\/zwille2-250x161.png 250w, https:\/\/www.abc-berlin.net\/2008\/wp-content\/uploads\/2012\/12\/zwille2.png 500w\" sizes=\"(max-width: 200px) 100vw, 200px\" \/><\/a><span class=\"dropcap\">D<\/span>er Alltag hinter Gittern besteht aus Routine und Monotonie. Jegliche Energie, die eigene Situation oder die anderer zu hinterfragen, sich zu wehren, wird dir genommen. Was die Arbeit nicht erledigt \u00fcbernimmt die Glotze. Doch auch hinter Gittern gibt es Rebellen_innen, die mehr vom Leben wollen, mit denen wir Ideen teilen und die sich, wie wir hier drau\u00dfen, den Verh\u00e4ltnissen entgegen\u2028stellen. Wer sich wehrt bekommt dies zu sp\u00fcren: Schikane durch Postzensur, sowie Ausschluss und Isolation stehen auf der Tagesordnung.<\/p>\n<p>So wie wir drau\u00dfen Solidarit\u00e4t mit anderen Rebellen_innen zeigen und versuchen Repression gemeinsam entgegen zu stehen, m\u00fcssen wir auch mit denen hinter Gittern k\u00e4mpfen. Meist sind es Einzelne Individuen, die sich oft isoliert gegen ihre Haftumst\u00e4nde oder die von anderen wehren. Brechen wir die Isolation zwischen drau\u00dfen und drinnen\u00a0 sowie zwischen denen hinter Gittern die vereinzelt k\u00e4mpfen.<\/p>\n<p>In den letzten Monaten haben wir von immer mehr Gefangenen und ihren allt\u00e4glichen Auflehnungen und oft auch den direkten Konsequenzen in Form von Repression geh\u00f6rt.<\/p>\n<p>Einer von ihnen ist Andreas Krebs, der in der JVA in Amberg sitzt. Ende November wurde er nachdem ein Rollkommando seine Zelle und die von Mitgefangenen durchsucht hatte, in Arrest verlegt und isoliert. Er sollte sich f\u00fcr ein Handy,\u00a0 sowie weitere unerlaubte Gegenst\u00e4nde, die in seiner Zelle, sowie in weiteren R\u00e4umen die f\u00fcr ihn zug\u00e4nglich gewesen sein sollen, gefunden wurden, verantworten. Er bekam 8 Tage Bunker sowie eine Einkaufssperre f\u00fcr den Dezember. Andreas ging f\u00fcr einige Tage in den Hungerstreik um sich gegen die Schikane zu wehren. Er wehrt sich au\u00dferdem gegen die Verlegung auf eine kontrolliertere Station.<br \/>\nSchreibt Andreas und brecht die Isolation. Tauscht euch mit ihm aus und unterst\u00fctzt ihn in seinem Widerstand.<\/p>\n<p><em>Andreas Krebs<\/em><br \/>\n<em>c\/o JVA<\/em><br \/>\n<em>Werner von Siemensstra\u00dfe 2<\/em><br \/>\n<em>92224 Amberg<\/em><\/p>\n<p>Ein weiterer ist Rudolf Leuchtmann, der in der JVA in Kaisheim sitzt. Er ist am\u00a0 13.12. in den Hungerstreik gegen die Post-Zensur sowie gegen die Schikane, die der Knast und die bayrische Justiz gegen ihn f\u00e4hrt, getreten.<br \/>\n&#8220;Du wei\u00dft ja, wenn du dich wehrst bekommst du&#8217;s erst richtig zu sp\u00fcren! Aber ich bin einer, der nie klein bei gibt!&#8221; (Rudolf)<br \/>\nEr sitzt schon lange und ist drogenabh\u00e4ngig. Er hat au\u00dferdem schwer krank.<br \/>\nIn Bayern ist es besonders hart wenn es um Zensur geht. Kritische Materialien wie z. B. Zeitungen und sonstiges Infomaterial kommt oft nicht rein. Schreibt Rudolf und brecht die Isolation. Tauscht euch mit ihm aus und unterst\u00fctzt ihn in seinem Widerstand.<\/p>\n<p><em>Rudolf Leuchtmann<\/em><br \/>\n<em>JVA <\/em><br \/>\n<em>Abteistr. 10<\/em><br \/>\n<em>86687 Kaisheim\u2028<\/em><\/p>\n<p>In der Zukunft werden wir von weiteren rebellischen Gefangenen und ihrer Situation berichten. Solltet ihr Neuigkeiten aus den Kn\u00e4sten haben, teilt sie uns bitte mit. Falls ihr noch Gefangene kennt, die sich mit ihrer Situation nicht zu frieden geben und Interesse an Briefkontakten mit rebellischen Leuten drau\u00dfen oder an anti-autorit\u00e4rem Infomaterial haben, schreibt uns und wir k\u00f6nnen sie auf die Gefangenen-Liste setzen.<\/p>\n<p><strong>Brechen wir die Isolation! Rei\u00dfen wir die Mauern ein!<\/strong><br \/>\n<strong> Freiheit f\u00fcr alle Gefangenen!<\/strong><\/p>\n<p style=\"text-align: right;\"><em><a href=\"http:\/\/solidaritaetswerkstatt.noblogs.org\" target=\"_blank\">solidaritaetswerkstatt.noblogs.org<\/a><\/em><br \/>\n<em> Kontakt: <a href=\"mailto:soliwerkstatt@riseup.net\">soliwerkstatt@riseup.net<\/a><\/em><\/p>\n","protected":false},"excerpt":{"rendered":"<p>Der Alltag hinter Gittern besteht aus Routine und Monotonie. Jegliche Energie, die eigene Situation oder die anderer zu hinterfragen, sich zu wehren, wird dir genommen. Was die Arbeit nicht erledigt \u00fcbernimmt die Glotze.<\/p>\n","protected":false},"author":3,"featured_media":8224,"comment_status":"closed","ping_status":"open","sticky":false,"template":"","format":"standard","meta":{"_links_to":"","_links_to_target":""},"categories":[36,9,10],"tags":[547,702,555,261,546],"_links":{"self":[{"href":"https:\/\/www.abc-berlin.net\/2008\/wp-json\/wp\/v2\/posts\/8223"}],"collection":[{"href":"https:\/\/www.abc-berlin.net\/2008\/wp-json\/wp\/v2\/posts"}],"about":[{"href":"https:\/\/www.abc-berlin.net\/2008\/wp-json\/wp\/v2\/types\/post"}],"author":[{"embeddable":true,"href":"https:\/\/www.abc-berlin.net\/2008\/wp-json\/wp\/v2\/users\/3"}],"replies":[{"embeddable":true,"href":"https:\/\/www.abc-berlin.net\/2008\/wp-json\/wp\/v2\/comments?post=8223"}],"version-history":[{"count":10,"href":"https:\/\/www.abc-berlin.net\/2008\/wp-json\/wp\/v2\/posts\/8223\/revisions"}],"predecessor-version":[{"id":10375,"href":"https:\/\/www.abc-berlin.net\/2008\/wp-json\/wp\/v2\/posts\/8223\/revisions\/10375"}],"wp:featuredmedia":[{"embeddable":true,"href":"https:\/\/www.abc-berlin.net\/2008\/wp-json\/wp\/v2\/media\/8224"}],"wp:attachment":[{"href":"https:\/\/www.abc-berlin.net\/2008\/wp-json\/wp\/v2\/media?parent=8223"}],"wp:term":[{"taxonomy":"category","embeddable":true,"href":"https:\/\/www.abc-berlin.net\/2008\/wp-json\/wp\/v2\/categories?post=8223"},{"taxonomy":"post_tag","embeddable":true,"href":"https:\/\/www.abc-berlin.net\/2008\/wp-json\/wp\/v2\/tags?post=8223"}],"curies":[{"name":"wp","href":"https:\/\/api.w.org\/{rel}","templated":true}]}}