{"id":8261,"date":"2012-12-31T10:08:03","date_gmt":"2012-12-31T09:08:03","guid":{"rendered":"http:\/\/www.abc-berlin.net\/?p=8261"},"modified":"2014-12-22T21:54:20","modified_gmt":"2014-12-22T20:54:20","slug":"knastspaziergang-und-sachschaden-an-der-jva-freiburg","status":"publish","type":"post","link":"https:\/\/www.abc-berlin.net\/2008\/knastspaziergang-und-sachschaden-an-der-jva-freiburg","title":{"rendered":"Knastspaziergang und Sachschaden an der JVA-Freiburg"},"content":{"rendered":"<p><a href=\"http:\/\/www.abc-berlin.net\/wp-content\/uploads\/2012\/12\/Freiburg-30.12.12..jpg\" rel=\"lightbox[8261]\"><img loading=\"lazy\" class=\"alignright  wp-image-8262\" title=\"Knastspaziergang und Sachschaden an der JVA-Freiburg - 30.12.12.\" src=\"http:\/\/www.abc-berlin.net\/wp-content\/uploads\/2012\/12\/Freiburg-30.12.12.-250x166.jpg\" alt=\"Knastspaziergang und Sachschaden an der JVA-Freiburg - 30.12.12.\" width=\"175\" height=\"116\" srcset=\"https:\/\/www.abc-berlin.net\/2008\/wp-content\/uploads\/2012\/12\/Freiburg-30.12.12.-250x166.jpg 250w, https:\/\/www.abc-berlin.net\/2008\/wp-content\/uploads\/2012\/12\/Freiburg-30.12.12..jpg 500w\" sizes=\"(max-width: 175px) 100vw, 175px\" \/><\/a><em>\u00fcbernommen von <a href=\"https:\/\/linksunten.indymedia.org\/de\/node\/74955\" target=\"_blank\">linksunten.indymedia.org<\/a>, weitere Bilder auf <a href=\"http:\/\/www.flickr.com\/photos\/agfreiburg\/sets\/72157632390080384\/\" target=\"_blank\">flickr<\/a><\/em><\/p>\n<p><span class=\"dropcap\">A<\/span>m Abend des 30.12.2012 fand in Freiburg ein \u2013 um der Repression aus dem Weg zu gehen \u2013 vorgezogener Silvester-Knastspaziergang mit einer kleinen Kundgebung vor dem Haupttor der JVA Freiburg statt. In vielen anderen St\u00e4dten wird Silvester traditionell genutzt, um mit Demonstrationen, Spazierg\u00e4ngen und Kundgebungen f\u00fcr eine Gesellschaft ohne Kn\u00e4ste zu demonstrieren und den Gefangenen zu zeigen, dass es Menschen au\u00dferhalb der Mauern gibt, die sie als Gefangene der Gesellschaft und nicht als das \u00dcbel derselbigen sehen.<\/p>\n<p>Im letzten Jahr fand auch in Freiburg seit langem wieder so eine Demonstration statt, an der sich \u2013 trotz nicht-anmeldung und nicht-\u00f6ffentlicher Mobilisierung bis zu 60 Menschen beteiligten.<\/p>\n<p>&#8220;Wir haben die heutige Aktion schon am Silvester-Vorabend durchgezogen, weil wir die Teilnehmer_innen nicht unn\u00f6tiger, zu erwartender Repression an Silvester aussetzen wollten. Zwar hielt sich die Freiburger Polizei im letzten Jahr auf Abstand, aber wir wussten nicht, wie sie sich in diesem Jahr \u2013 besser vorbereitet \u2013 verhalten w\u00fcrde. Wir werten die Aktion als Erfolg, weil wir uns ohne staatliche Repression und ohne Demo-Anmeldung versammeln konnten und im Knast lautstark wahrgenommen wurden&#8221;, so Anna D. vom Vorbereitungskreis.<\/p>\n<p>In diesem Jahr wurde vor den Knastmauern ein Gru\u00dfwort verlesen und mit viel Feuerwerk die Aufmerksamkeit der Gefangenen und der Anwohner_innen erweckt. Wir dokumentieren an dieser Stelle das verlesene Gru\u00dfwort:<\/p>\n<blockquote><p>&#8220;Hallo liebe Menschen hinter den Mauern dieser Welt, wir stehen hier drau\u00dfen in relativ beschissenen, gewaltt\u00e4tigen Verh\u00e4ltnissen. Ihr seid dort drinnen, unter noch beschisseneren und ebenso gewaltt\u00e4tigen Verh\u00e4ltnissen. Hinter dicken Mauern und Stacheldraht. Ihr sitzt dort, weil ihr gegen vorgegebene Gesetze versto\u00dfen habt, aus welchen Gr\u00fcnden auch immer. Ihr sitzt dort, weil dadurch die Herrschaft des Staates in Frage gestellt wurde. Kn\u00e4ste stellen eine extreme, brutale und widerliche Form der Herrschaftsaus\u00fcbung und Unterdr\u00fcckung des Staates im Kapitalismus dar.<\/p>\n<p>Wir stehen hier drau\u00dfen, weil wir eine Gesellschaft erreichen wollen, in der es kein Eigentum, keine Grenzen, aber auch keine Herrschaft von Menschen \u00fcber Menschen, also keinen Sexismus, keine Homophobie, keinen Rassismus und alle anderen Unterdr\u00fcckungsmechanismen, und somit auch keine Kn\u00e4ste mehr gibt!<\/p>\n<p>Wir stehen hier drau\u00dfen, um euch unsere Solidarit\u00e4t auszudr\u00fccken, euch weiterhin viel Mut und Durchhalteverm\u00f6gen und ein besseres 2013 zu w\u00fcnschen!&#8221;<\/p><\/blockquote>\n<p>Nach Ende des Gru\u00dfwortes zogen die Kundgebungsteilnehmer_innen mit einer kleinen spontanen Demonstration am Knast entlang und l\u00f6sten diese ohne Zwischenf\u00e4lle auf.<\/p>\n<p>&#8220;Uns war es wichtig, heute nicht nur den Knast zu kritisieren, sondern auch die Gesellschaft, die ihn hervorbringt.&#8221;, so Anton A., ein Teilnehmer der Demonstration.<\/p>\n<p>Weitere Anti-Knast-Demonstrationen, -Kundgebungen und -Aktionen finden am 31.12.2012 in folgenden St\u00e4tdten statt:<\/p>\n<p><strong>Berlin<\/strong><br \/>\n31.12.12 \u2013 15:00 Uhr<br \/>\nDemonstration zum Frauenknast Lichtenberg<br \/>\nS-Bhf Frankfurter Allee<\/p>\n<p>31.12.12 \u2013 22:45 Uhr<br \/>\nDemonstration zur JVA Moabit<br \/>\nU-Bhf Turmstrasse<br \/>\n<a href=\"..\/\">abc-berlin.net<\/a><\/p>\n<p><strong>Bremen<\/strong><br \/>\n31.12.2012 \u2013 20:00 Uhr<br \/>\nSpa\u00adzier\u00adgang | keine Demo | keine Kund\u00adge\u00adbung | keine An\u00admel\u00addung<br \/>\nJVA Os\u00adlebs\u00adhau\u00adsen (Haupt\u00adein\u00adgang)<br \/>\n<a href=\"http:\/\/endofroad.blogsport.de\/\">endofroad.blogsport.de<\/a><\/p>\n<p><strong>Frankfurt am Main<\/strong><br \/>\n31.12.2012 \u2013 18:00 Uhr<br \/>\nDemonstration \u2013 &#8220;Solidarit\u00e4t mit Sonja und Christian!&#8221;<br \/>\nJVA Preungesheim, Obere Kreuz\u00e4ckerstra\u00dfe<br \/>\n<a href=\"http:\/\/www.verdammtlangquer.org\/\">verdammtlangquer.org<\/a><\/p>\n<p><strong>K\u00f6ln<\/strong><br \/>\n31.12.2012 \u2013 18:00 Uhr<br \/>\n&#8220;Silvester zum Knast? \u2013 ja was denn sonst!&#8221;<br \/>\nHaltestelle \u201cRektor-Klein-Stra\u00dfe\u201d (JVA-Eingang) der Linie 5<br \/>\n<a href=\"http:\/\/autonomes-knastprojekt.blogspot.de\/\">autonomes-knastprojekt.blogspot.de<\/a><\/p>\n<p><strong>M\u00fcnster<\/strong><br \/>\n31.12.2012 \u2013 kurz vor 24:00 Uhr<br \/>\nGartenstra\u00dfe 26; JVA M\u00fcnster<\/p>\n<p><strong>Stuttgart<\/strong><br \/>\n31.12.2012 \u2013 17:30 Uhr<br \/>\nDemonstration \u2013 &#8220;K\u00e4mpferisch ins neue Jahr! Gegen Kapitalismus und Krise!&#8221;<br \/>\nMarienplatz<br \/>\n<a href=\"http:\/\/silvesterdemo-stuttgart.tk\/\">silvesterdemo-stuttgart.tk<\/a><\/p>\n<p><strong>Wien<\/strong><br \/>\n31.12.2012 \u2013 18:00 Uhr<br \/>\nKundgebung \u2013 &#8220;Silvester zum H\u00e4fn! New year`s prison run!&#8221;<br \/>\nGef\u00e4ngnis Simmering, Kaiserebersdorferstr. 297<\/p>\n<p><strong>Bis alle frei sind. F\u00fcr den Kommunismus! F\u00fcr die Anarchie!<\/strong><\/p>\n","protected":false},"excerpt":{"rendered":"<p>Am Abend des 30.12.2012 fand in Freiburg ein \u2013 um der Repression aus dem Weg zu gehen \u2013 vorgezogener Silvester-Knastspaziergang mit einer kleinen Kundgebung vor dem Haupttor der JVA Freiburg statt. <\/p>\n","protected":false},"author":3,"featured_media":8262,"comment_status":"closed","ping_status":"open","sticky":false,"template":"","format":"standard","meta":{"_links_to":"","_links_to_target":""},"categories":[22,8,36,462,31],"tags":[397,701,393,707],"_links":{"self":[{"href":"https:\/\/www.abc-berlin.net\/2008\/wp-json\/wp\/v2\/posts\/8261"}],"collection":[{"href":"https:\/\/www.abc-berlin.net\/2008\/wp-json\/wp\/v2\/posts"}],"about":[{"href":"https:\/\/www.abc-berlin.net\/2008\/wp-json\/wp\/v2\/types\/post"}],"author":[{"embeddable":true,"href":"https:\/\/www.abc-berlin.net\/2008\/wp-json\/wp\/v2\/users\/3"}],"replies":[{"embeddable":true,"href":"https:\/\/www.abc-berlin.net\/2008\/wp-json\/wp\/v2\/comments?post=8261"}],"version-history":[{"count":5,"href":"https:\/\/www.abc-berlin.net\/2008\/wp-json\/wp\/v2\/posts\/8261\/revisions"}],"predecessor-version":[{"id":10336,"href":"https:\/\/www.abc-berlin.net\/2008\/wp-json\/wp\/v2\/posts\/8261\/revisions\/10336"}],"wp:featuredmedia":[{"embeddable":true,"href":"https:\/\/www.abc-berlin.net\/2008\/wp-json\/wp\/v2\/media\/8262"}],"wp:attachment":[{"href":"https:\/\/www.abc-berlin.net\/2008\/wp-json\/wp\/v2\/media?parent=8261"}],"wp:term":[{"taxonomy":"category","embeddable":true,"href":"https:\/\/www.abc-berlin.net\/2008\/wp-json\/wp\/v2\/categories?post=8261"},{"taxonomy":"post_tag","embeddable":true,"href":"https:\/\/www.abc-berlin.net\/2008\/wp-json\/wp\/v2\/tags?post=8261"}],"curies":[{"name":"wp","href":"https:\/\/api.w.org\/{rel}","templated":true}]}}