{"id":8275,"date":"2013-01-03T13:19:26","date_gmt":"2013-01-03T12:19:26","guid":{"rendered":"http:\/\/www.abc-berlin.net\/?p=8275"},"modified":"2013-01-04T07:41:44","modified_gmt":"2013-01-04T06:41:44","slug":"berlin-zweimal-kraftvoll-zum-knast","status":"publish","type":"post","link":"https:\/\/www.abc-berlin.net\/2008\/berlin-zweimal-kraftvoll-zum-knast","title":{"rendered":"Berlin: Zweimal kraftvoll zum Knast"},"content":{"rendered":"<p><a href=\"http:\/\/www.abc-berlin.net\/wp-content\/uploads\/2013\/01\/Silvester-zum-Knast-Berlin-2012_2.jpg\" rel=\"lightbox[8275]\"><img loading=\"lazy\" class=\"alignright  wp-image-8284\" alt=\"Silvester zum Knast Berlin 2012_2\" src=\"http:\/\/www.abc-berlin.net\/wp-content\/uploads\/2013\/01\/Silvester-zum-Knast-Berlin-2012_2-250x187.jpg\" width=\"175\" height=\"131\" srcset=\"https:\/\/www.abc-berlin.net\/2008\/wp-content\/uploads\/2013\/01\/Silvester-zum-Knast-Berlin-2012_2-250x187.jpg 250w, https:\/\/www.abc-berlin.net\/2008\/wp-content\/uploads\/2013\/01\/Silvester-zum-Knast-Berlin-2012_2.jpg 600w\" sizes=\"(max-width: 175px) 100vw, 175px\" \/><\/a>Am letzten Tag des Jahres gab es in Berlin, wie auch schon in den Jahren zuvor, zwei Demos, die zu Kn\u00e4sten hingingen, um damit den Gefangenen unsere Solidarit\u00e4t auszudr\u00fccken und ihnen zu zeigen, dass wir sie auch im neuen Jahr nicht vergessen werden. Mobilisiert wurde dieses Jahr unter dem Motto: &#8220;<strong>Grenzen und Mauern einrei\u00dfen \u2013 f\u00fcr eine solidarische Gesellschaft!<\/strong>&#8220;. Dazu gab es erstmalig eine eigene <a href=\"http:\/\/silvesterzumknast.nostate.net\" target=\"_blank\">Webseite<\/a>, die auch in den n\u00e4chsten Jahren als Plattform dienen und somit die Kontinuit\u00e4t der K\u00e4mpfe aufzeigen soll. Wir w\u00fcnschen uns, dass dies au\u00dferdem zur Verbreiterung der Idee am Silvestertag (und jedem anderen Tag im Jahr) die Knastgesellschaft zu thematisieren und vor die Kn\u00e4ste zu ziehen beitr\u00e4gt. Unsere Verbundenheit mit den Demos und Aktionen vor den Kn\u00e4sten in anderen St\u00e4dten haben wir versucht zu vermittelt, indem wir eine Gru\u00dfbotschaft versandt haben.<br \/>\n<!--more--><br \/>\nBereits in den Nachmittagsstunden versammelten sich \u00fcber 200 solidarische Personen am Bahnhof Frankfurter Allee und zogen zum Frauenknast Lichtenberg in der Alfredstrasse. Vor dem Knast gab es einen Redebeitrag \u00fcber die dort inhaftierte linke t\u00fcrkische Aktivistin G\u00fclaferit \u00dcnsal, die nach dem \u00a7129b angeklagt ist. Au\u00dferdem gab es einen zweiten Redebeitrag, welcher eine Knastkritik formulierte im Bezug auf den Knast vor dem standen. Die Gefangenen konnten uns leider nicht sehen, da alle Zellen zum Innenhof gerichtet sind. Aber aus Erfahrungen aus vorhergehenden Aktionen vor dem Knast wissen wir, dass die Gefangenen uns h\u00f6ren konnten. Es ging dann einmal um den Knast herum und wieder zur\u00fcck zum Bahnhof.<\/p>\n<p>Am Abend kamen bis zu 500 Personen nach Moabit, um vom U-Bahnhof Turmstrasse zum nahegelegenen Untersuchungshaftknast zu ziehen. Durch penetrante Kontrollen und nervige Durchsuchungen der eingesetzten &#8220;Ordnungsh\u00fcter_innen&#8221; verz\u00f6gerte sich der Demobeginn. Aber dann ging es um kurz vor halb zw\u00f6lf kraftvoll und entschlossen los. Zum Auftakt wurde der Aufruf vorgetragen, im Laufe der Demo gab es lautstarke Sprechch\u00f6re f\u00fcr die Freiheit aller Gefangenen und gegen die Existenz von Kn\u00e4sten und Zwangsanstalten. Angekommen vorm Knast gab einen Redebeitrag von <a href=\"http:\/\/outofcontrol.blogsport.de\/\" target=\"_blank\">out of control<\/a> und Grussworte an die Gefangenen. Hinter den vergitterten Fenstern waren viele Gefangene zu sehen, welche die Demo begr\u00fc\u00dften. Gegen halb eins wurde die Demo aufgel\u00f6st, alle zogen ihrer Wege.<br \/>\nDie Bullen traten die ganze Zeit \u00fcber mit einer aggressiven Grundstimmung auf, da sie bef\u00fcrchteten durch herumfliegende Knaller und Pyrotechnik verletzt zu werden. Im Verlauf wurde die Demo mehrmals aufgehalten, w\u00e4hrend der Abschlusskundgebung kam es dann zu mehrere Festnahmen.<\/p>\n\n\t\t<style type=\"text\/css\">\n\t\t\t#gallery-1 {\n\t\t\t\tmargin: auto;\n\t\t\t}\n\t\t\t#gallery-1 .gallery-item {\n\t\t\t\tfloat: left;\n\t\t\t\tmargin-top: 10px;\n\t\t\t\ttext-align: center;\n\t\t\t\twidth: 50%;\n\t\t\t}\n\t\t\t#gallery-1 img {\n\t\t\t\tborder: 2px solid #cfcfcf;\n\t\t\t}\n\t\t\t#gallery-1 .gallery-caption {\n\t\t\t\tmargin-left: 0;\n\t\t\t}\n\t\t\t\/* see gallery_shortcode() in wp-includes\/media.php *\/\n\t\t<\/style>\n\t\t<div id='gallery-1' class='gallery galleryid-8275 gallery-columns-2 gallery-size-thumbnail'><dl class='gallery-item'>\n\t\t\t<dt class='gallery-icon landscape'>\n\t\t\t\t<a href='https:\/\/www.abc-berlin.net\/2008\/wp-content\/uploads\/2013\/01\/Silvester-zum-Knast-Berlin-2012_2.jpg' rel=\"lightbox[8275]\"><img width=\"300\" height=\"150\" src=\"https:\/\/www.abc-berlin.net\/2008\/wp-content\/uploads\/2013\/01\/Silvester-zum-Knast-Berlin-2012_2-300x150.jpg\" class=\"attachment-thumbnail size-thumbnail\" alt=\"\" loading=\"lazy\" \/><\/a>\n\t\t\t<\/dt><\/dl><dl class='gallery-item'>\n\t\t\t<dt class='gallery-icon landscape'>\n\t\t\t\t<a href='https:\/\/www.abc-berlin.net\/2008\/wp-content\/uploads\/2013\/01\/Silvester-zum-Knast-Berlin-2012_4.jpg' rel=\"lightbox[8275]\"><img width=\"300\" height=\"150\" src=\"https:\/\/www.abc-berlin.net\/2008\/wp-content\/uploads\/2013\/01\/Silvester-zum-Knast-Berlin-2012_4-300x150.jpg\" class=\"attachment-thumbnail size-thumbnail\" alt=\"\" loading=\"lazy\" \/><\/a>\n\t\t\t<\/dt><\/dl><br style=\"clear: both\" \/><dl class='gallery-item'>\n\t\t\t<dt class='gallery-icon landscape'>\n\t\t\t\t<a href='https:\/\/www.abc-berlin.net\/2008\/wp-content\/uploads\/2013\/01\/Silvester-zum-Knast-Berlin-2012_5.jpg' rel=\"lightbox[8275]\"><img width=\"300\" height=\"150\" src=\"https:\/\/www.abc-berlin.net\/2008\/wp-content\/uploads\/2013\/01\/Silvester-zum-Knast-Berlin-2012_5-300x150.jpg\" class=\"attachment-thumbnail size-thumbnail\" alt=\"\" loading=\"lazy\" \/><\/a>\n\t\t\t<\/dt><\/dl><dl class='gallery-item'>\n\t\t\t<dt class='gallery-icon landscape'>\n\t\t\t\t<a href='https:\/\/www.abc-berlin.net\/2008\/wp-content\/uploads\/2013\/01\/Silvester-zum-Knast-Berlin-2012_3.jpg' rel=\"lightbox[8275]\"><img width=\"300\" height=\"150\" src=\"https:\/\/www.abc-berlin.net\/2008\/wp-content\/uploads\/2013\/01\/Silvester-zum-Knast-Berlin-2012_3-300x150.jpg\" class=\"attachment-thumbnail size-thumbnail\" alt=\"\" loading=\"lazy\" \/><\/a>\n\t\t\t<\/dt><\/dl><br style=\"clear: both\" \/><dl class='gallery-item'>\n\t\t\t<dt class='gallery-icon landscape'>\n\t\t\t\t<a href='https:\/\/www.abc-berlin.net\/2008\/wp-content\/uploads\/2013\/01\/Silvester-zum-Knast-Berlin-2012_1.jpg' rel=\"lightbox[8275]\"><img width=\"300\" height=\"150\" src=\"https:\/\/www.abc-berlin.net\/2008\/wp-content\/uploads\/2013\/01\/Silvester-zum-Knast-Berlin-2012_1-300x150.jpg\" class=\"attachment-thumbnail size-thumbnail\" alt=\"\" loading=\"lazy\" \/><\/a>\n\t\t\t<\/dt><\/dl>\n\t\t\t<br style='clear: both' \/>\n\t\t<\/div>\n\n<p><em>weitere Fotos unter: <a href=\"http:\/\/www.demotix.com\/news\/1703392\/left-wing-march-against-prisons-during-new-years-eve-berlin-moabit#media-1703280\" target=\"_blank\">www.demotix.com<\/a> + <a href=\"http:\/\/www.demotix.com\/news\/1702307\/far-left-activists-hold-new-years-eve-protest-detainees-berlin#media-1702398\" target=\"_blank\">www.demotix.com<\/a><\/em><\/p>\n<hr \/>\n<p style=\"text-align: center;\"><strong>Redebeitrag zum \u00a7129b und den europ\u00e4ischen \u00dcberwachungsanspr\u00fcchen bundesdeutscher Beh\u00f6rden<\/strong><\/p>\n<p>In der Lichtenberger JVA sitzt auch die linke t\u00fcrkische Aktivistin G\u00fclaferit \u00dcnsal. Vor weit \u00fcber einem Jahr wurde sie aus Griechenland an deutsche Beh\u00f6rden ausgeliefert, die sie aufgrund abstruser Beschuldigungen hier verurteilen und lange in den Knast stecken will.<\/p>\n<p>Angeklagt wird sie nach 129b. Allerdings geht es nicht um Vorw\u00fcrfe, die sich in der BRD abgespielt haben sollen, sondern um ihre vermeintliche Zugeh\u00f6rigkeit zu einer linken t\u00fcrkischen Organisation, der DHKP-C. G\u00fclalferit war bereits mehrere Jahre in der T\u00fcrkei aufgrund ihrer gewerkschaftlichen Arbeit inhaftiert und hatte sich dabei auch in einem langen Hungerstreik mit anderen k\u00e4mpfenden Gefangenen in der T\u00fcrkei solidarisiert. Sie wird also in der BRD f\u00fcr politische Arbeit angeklagt, die in der BRD (noch) nicht strafbar ist, sondern lediglich nach den Vorstellungen der durch eine Milit\u00e4rdiktatur gest\u00fctzten t\u00fcrkische Regierung.<\/p>\n<p>M\u00f6glich ist dies \u00fcberhaupt nur wg. der europ\u00e4ischen Absprachen im Kampf gegen den sog. &#8220;Terrorismus&#8221;, wie es in zahlreichen Abkommen formuliert wurde. Als &#8220;Terrorismus&#8221; wird hier bezeichnet, was die herrschenden Verh\u00e4ltnisse in den EU Staaten und ihren Verb\u00fcndeten grunds\u00e4tzlich in Frage stellt. Wollen Beh\u00f6rden und Medien uns allen Glauben machen, es handele sich hierbei um schwere Gewalttaten oder Verbrechen, macht gerade der Paragraph 129 mit seinen Buchstaben a und b deutlich, dass es sich hier um reine Gesinnungsjustiz und \u00dcberwachung missliebiger Gruppen und ihrem Umfeld handelt. So geht es in diesen Verfahren in der Regel nicht um konkrete Tatvorw\u00fcrfe, sondern meistens um die Mitgliedschaft oder inhaltliche Zustimmung zu einer Organisation, die zuvor als &#8220;terroristisch&#8221; definiert worden ist. Au\u00dferdem er\u00f6ffnet der 129 Paragraph den \u00dcberwachungsorganen die M\u00f6glichkeit, ohne Kontrolle und richterliche Beschl\u00fcsse Tausende von Menschen im Umfeld der jeweils Angeklagten ohne ihr Wissen geheimdienstlich zu \u00fcberwachen und auszuspionieren. W\u00e4hrend sich beinahe alle bundesdeutschen Geheimdienste und Landeskriminal\u00e4mter sch\u00fctzend vor die Nazi-M\u00f6rder_innen der NSU stellten, betrieben und betreiben sie gleichzeitig massive \u00dcberwachung gegen politisch als links eingestufte Menschen, sowohl in der BRD als auch dar\u00fcber hinaus.<\/p>\n<p>Warum k\u00f6nnen sich die BRD Beh\u00f6rden G\u00fclaferit \u00dcnsal aus Griechenland oder vor kurzem auch Metin Aydin aus der Schweiz \u00fcberhaupt ausliefern lassen? Beide haben nach lokalen Gesetzen keine Straftaten begangen.<\/p>\n<p>Der Paragraph 129b erweitert die bundesdeutsche \u00dcberwachungs- und Gesinnungsjustiz von der BRD auf die umliegende EU. Es ist offensichtlich, dass in der EU starke Macht- und Hierarchie Gef\u00e4lle bestehen &#8211; w\u00e4hrend Staaten wie die BRD oder Frankreich in allen wesentlichen Fragen den Ton angeben. F\u00fcr die allgemeinen Machtanspr\u00fcche der Herrschenden ist es also von Bedeutung, ihre polizeiliche Macht auch auf Gebiete auszudehnen, wo sie zuvor keinen Zugriff hatte. Die seit 2009 existierende Verfassung der EU erm\u00f6glicht dabei sogar Milit\u00e4reins\u00e4tze gegen die Zivilbev\u00f6lkerung bei lokalen Aufst\u00e4nden. Auch die Wiedereinf\u00fchrung der Todesstrafe ist unter Kriegsrecht durch diese Verfassung m\u00f6glich.<\/p>\n<p>Im Moabiter Gericht findet nun bereits seit Monaten der Prozess gegen G\u00fclaferit \u00dcnsal statt, indem Justiz und Staatsanwaltschaft ganz deutlich machen, wie sehr es ihnen dabei auch um Einsch\u00fcchterung der \u00d6ffentlichkeit. Der Prozess gegen G\u00fclaferit \u00dcnsal findet unter starken Sicherheitsauflagen statt, so dass kaum Beobachter_Innen in den Gerichtssaal kommen. S\u00e4mtliche Personalien von Beobachter_Innen werden festgehalten, Schl\u00fcssel u.a. abgenommen und im Zuschauer Raum anwesende Polizist_Innen bedrohen alle Anwesenden. Die Gefangene muss in einem abgeschotteten Glask\u00e4fig diesem Schauspiel beiwohnen. In den ersten Verhandlungstagen war sie noch nicht einmal in der Lage, die t\u00fcrkische \u00dcbersetzung ihrer Verhandlung zu h\u00f6ren, weil es keine \u00dcbertragung davon in den K\u00e4fig gab. Der Ausgang ihres Verfahrens steht dabei von vornherein fest &#8211; auch wenn sich BKA und Staatsanwaltschaft sehr schwer damit tun, G\u00fclaferit konkrete Straftaten zuzuordnen, wird sie in den kommenden Monaten h\u00f6chstwahrscheinlich als sog. &#8220;Terroristin&#8221; verurteilt werden.<\/p>\n<p>\u00c4hnliches passierte in den letzten Jahren bundesweit bereits \u00fcber 20 Mal gegen andere politische Aktivist_Innen, zumeist aus Kurdistan oder der T\u00fcrkei. Ihnen allen droht nach abgesessener Haftstrafe die Abschiebung in die T\u00fcrkei, wo sie weitere Folter und Haft erwartet.<\/p>\n<p>Wollen wir die unterschiedlichen Methoden staatlicher Zwangsanstalten ernsthaft bek\u00e4mpfen, d\u00fcrfen wir zu dieser besonderen Form des staatlichen Terrorismus nicht schweigen.<\/p>\n<p><strong>Unterst\u00fctzt G\u00fclaferit und andere Angeklagte gegen 129a und b Anklagen!<\/strong><br \/>\n<strong>Schreibt den Gefangenen &#8211; beobachtet die Prozesse &#8211; schafft \u00d6ffentlichkeit!<\/strong><br \/>\n<strong>Herzliche Gr\u00fc\u00dfe an G\u00fclaferit und alle anderen Gefangenen hinter diesen Mauern &#8211; kein Knast steht ewig &#8211; f\u00fcr eine Gesellschaft ohne Kn\u00e4ste!<\/strong><\/p>\n<hr \/>\n<style type=\"text\/css\"><!--\np { margin-bottom: 0.21cm; }\n--><\/style>\n<p style=\"text-align: center;\"><strong>von Berlin aus verschickte Gru\u00dfbotschaft<\/strong><\/p>\n<p>Solidarische Gr\u00fc\u00dfe aus Berlin an alle Gef\u00e4hrt_innen, die f\u00fcr die Freiheit k\u00e4mpfen und sich gegen das System des Knastes und der Knastgesellschaft wenden. Herzliche Gr\u00fc\u00dfe an die Menschen, die hinter den Mauern dieser Institution gefangen gehalten werden.<\/p>\n<p>Auch wir versammeln uns heute auf den Stra\u00dfen vor den Kn\u00e4sten um mit den inhaftierten Menschen gemeinsam das neue Jahr zu beginnen.<\/p>\n<p>Gemeinsam soweit es uns m\u00f6glich ist, denn wir stehen hier vor Mauern, die uns gezielt trennen sollen und auch in unserem Alltag allgegenw\u00e4rtig sind.<\/p>\n<p>An Tagen wie Silvester, an denen die Menschen gemeinsam Feiern und sich in den Stra\u00dfen bewegen um das neue Jahr zu beginnen, finden wir es wichtig, uns mit denen, die von Staat und Gesellschaft weg gesperrt sind, solidarisch zu zeigen.<\/p>\n<p>F\u00fcr uns kann ein Ausschluss aus der Gesellschaft, aufgrund von nicht Regel konformen Verhalten niemals die L\u00f6sung des Konfliktes bedeuten. Es bedeutet eher, dass Menschen verurteilt werden, wenn sie sich nicht an Regelwerke halten, welche sie niemals eigenverantwortlich und selbstbestimmt mit gestaltet haben. So k\u00f6nnen und wollen wir Gesellschaft nicht akzeptieren!<\/p>\n<p>Wir sind gegen Kn\u00e4ste und alle einsperrenden Institutionen, weil eine Gesellschaft, die es braucht<\/p>\n<p>Menschen einzusperren und zu erniedrigen selbst ein Knast ist.<\/p>\n<p>Solidarit\u00e4t mit allen Rebell_innen, die egal ob wo auf dieser Welt, die mehr vom Leben erwarten als zu Konsumieren und Funktionieren.<\/p>\n<p><strong>Freiheit f\u00fcr alle! Auf dass unsere Leidenschaft f\u00fcr die Freiheit die Mauern zum Einst\u00fcrzen bringt!<\/strong><\/p>\n<p><strong>Fire to the Prisons!<\/strong><\/p>\n<p>&nbsp;<\/p>\n<p>&nbsp;<\/p>\n<p>&nbsp;<\/p>\n","protected":false},"excerpt":{"rendered":"<p>Am letzten Tag des Jahres gab es in Berlin, wie auch schon in den Jahren zuvor, zwei Demos, die zu Kn\u00e4sten hingingen, um damit den Gefangenen unsere Solidarit\u00e4t auszudr\u00fccken und ihnen zu zeigen, dass wir sie auch im neuen&#46;&#46;&#46;<\/p>\n","protected":false},"author":3,"featured_media":0,"comment_status":"closed","ping_status":"open","sticky":false,"template":"","format":"standard","meta":{"_links_to":"","_links_to_target":""},"categories":[22,2,8,462,31],"tags":[397,698,701,108,266,37,707,703],"_links":{"self":[{"href":"https:\/\/www.abc-berlin.net\/2008\/wp-json\/wp\/v2\/posts\/8275"}],"collection":[{"href":"https:\/\/www.abc-berlin.net\/2008\/wp-json\/wp\/v2\/posts"}],"about":[{"href":"https:\/\/www.abc-berlin.net\/2008\/wp-json\/wp\/v2\/types\/post"}],"author":[{"embeddable":true,"href":"https:\/\/www.abc-berlin.net\/2008\/wp-json\/wp\/v2\/users\/3"}],"replies":[{"embeddable":true,"href":"https:\/\/www.abc-berlin.net\/2008\/wp-json\/wp\/v2\/comments?post=8275"}],"version-history":[{"count":11,"href":"https:\/\/www.abc-berlin.net\/2008\/wp-json\/wp\/v2\/posts\/8275\/revisions"}],"predecessor-version":[{"id":8294,"href":"https:\/\/www.abc-berlin.net\/2008\/wp-json\/wp\/v2\/posts\/8275\/revisions\/8294"}],"wp:attachment":[{"href":"https:\/\/www.abc-berlin.net\/2008\/wp-json\/wp\/v2\/media?parent=8275"}],"wp:term":[{"taxonomy":"category","embeddable":true,"href":"https:\/\/www.abc-berlin.net\/2008\/wp-json\/wp\/v2\/categories?post=8275"},{"taxonomy":"post_tag","embeddable":true,"href":"https:\/\/www.abc-berlin.net\/2008\/wp-json\/wp\/v2\/tags?post=8275"}],"curies":[{"name":"wp","href":"https:\/\/api.w.org\/{rel}","templated":true}]}}