{"id":8490,"date":"2013-01-19T19:57:33","date_gmt":"2013-01-19T18:57:33","guid":{"rendered":"http:\/\/www.abc-berlin.net\/?p=8490"},"modified":"2013-01-19T19:57:33","modified_gmt":"2013-01-19T18:57:33","slug":"trikala-griechenland-ein-brief-aus-dem-gefaengnis","status":"publish","type":"post","link":"https:\/\/www.abc-berlin.net\/2008\/trikala-griechenland-ein-brief-aus-dem-gefaengnis","title":{"rendered":"Trikala, Griechenland: Ein Brief aus dem Gef\u00e4ngnis"},"content":{"rendered":"<p><a href=\"http:\/\/www.abc-berlin.net\/wp-content\/uploads\/2013\/01\/greek-prison.jpg\" rel=\"lightbox[8490]\"><img loading=\"lazy\" class=\"alignright  wp-image-8493\" alt=\"greek prison\" src=\"http:\/\/www.abc-berlin.net\/wp-content\/uploads\/2013\/01\/greek-prison-250x166.jpg\" width=\"175\" height=\"116\" srcset=\"https:\/\/www.abc-berlin.net\/2008\/wp-content\/uploads\/2013\/01\/greek-prison-250x166.jpg 250w, https:\/\/www.abc-berlin.net\/2008\/wp-content\/uploads\/2013\/01\/greek-prison.jpg 600w\" sizes=\"(max-width: 175px) 100vw, 175px\" \/><\/a><em>\u00fcbernommen von <a href=\"http:\/\/de.contrainfo.espiv.net\/2013\/01\/19\/trikala-ein-brief-aus-dem-gefangnis\/\" target=\"_blank\">de.contrainfo<\/a><\/em><\/p>\n<p>Guten Abend, Genossen, aus dem D2 Fl\u00fcgel des geschlossenen Gef\u00e4ngnisses in Trikala.<\/p>\n<p>Der Herbst 2012 erlebte viele Aktionen in diesem speziellen Fl\u00fcgel. Im September unterbrachen wir die Arbeit in unserer Sektion, aber auch in fast allen anderen Gef\u00e4ngnisabteilungen. Es war ein riesiger Protest, an dem sich alle Gefangenen beteiligten, was einen Stillstand in allen Abteilungen (K\u00fcchen, Kantinen, Krankenpflege, Reinigung) zur Folge hatte.<br \/>\n<!--more--><br \/>\nIm Oktober entschied sich der Gef\u00e4ngnisleiter, den Freigang eines Gefangenen, der im D1 Fl\u00fcgel festgehalten wird und w\u00fcnschte, an der Beerdigung seiner Eltern teilzunehmen, nicht zu bewilligen; eine Entscheidung die weitere Spannung entfachte. In den Fl\u00fcgeln D1 und D2 brach sofort ein Aufstand aus. Die kugelsicheren Glasfenster der Kabine des Sicherheitspersonals wurden zest\u00f6rt, was zur Folge hatte, dass der Gef\u00e4ngnisw\u00e4rter im Dienst Angst bekam und davon lief. Daraufhin wurden auch die Computer auseinandergenommen. Aufstandsbek\u00e4mpfungseinheiten zusammen mit anderen Polizeikr\u00e4ften wurden au\u00dferhalb eingesetzt, aber der verantwortliche Aufseher intervenierte und verhinderte ihren Eintritt.<\/p>\n<p>Kurz darauf gaben alle der Staatsanw\u00e4ltin die Schuld, weil sie eine ablehnende Entscheidung getroffen hatte, aber schlie\u00dflich \u00fcbernahm ein Gefangener, der auf Lebenszeit im Gef\u00e4ngnis sitzt, die volle Verantwortung f\u00fcr die Ereignisse. So wurde ein Disziplinarverfahren gegen ihn eingeleitet und er wurde sogar vor Gericht gestellt, aber ich kenne nicht die genauen Anklagepunkte gegen ihn.<\/p>\n<p>Die Staatsanw\u00e4ltin wurde von einem anderen alten Lebensl\u00e4nglichen fix und fertig gemacht, dem sie wiederholt den Freigang aus dem Gef\u00e4ngnis verwehrt hatte; aber nach diesem Vorfall verlie\u00df er st\u00e4ndig dieses bestimmte Gef\u00e4ngnis. Was uns betrifft zahlten wir den Preis f\u00fcr zwei Wochen in unseren Zellen eingesperrt zu sein, bis neue kugelsichere Scheiben aus Athen geliefert und die Sch\u00e4den in H\u00f6he von \u00fcber 20.000 Euro repariert wurden.<\/p>\n<p>Abgesehen davon ist das Essen schrecklich, gibt es kein Heiz\u00f6l \u2013 also keine zentrale Beheizung (und sie geben uns noch nicht mal zus\u00e4tzliche Decken) \u2013 und wir kochen Wasser in Kocht\u00f6pfen um zu baden. Soweit es den sozialen Dienst betrifft, gibt es keinen Arbeiter in diesem Bereich, deshalb macht stattdessen ein Psychologe den Job. Ich hoffe, es wird sich am Neujahrstag etwas \u00e4ndern.<\/p>\n<p>Das ist f\u00fcr den Augenblick alles aus den furchtbaren L\u00f6chern der Demokratie.<\/p>\n<p><strong>FREIHEIT F\u00dcR ALLE GEFANGENEN!<\/strong><\/p>\n<p style=\"text-align: right;\"><em>Vaggelis K.<\/em><br \/>\n<em> D2 Fl\u00fcgel, Gef\u00e4ngnis Trikala<\/em><\/p>\n","protected":false},"excerpt":{"rendered":"<p>\u00fcbernommen von de.contrainfo Guten Abend, Genossen, aus dem D2 Fl\u00fcgel des geschlossenen Gef\u00e4ngnisses in Trikala. Der Herbst 2012 erlebte viele Aktionen in diesem speziellen Fl\u00fcgel. Im September unterbrachen wir die Arbeit in unserer Sektion, aber auch in fast allen&#46;&#46;&#46;<\/p>\n","protected":false},"author":3,"featured_media":0,"comment_status":"closed","ping_status":"open","sticky":false,"template":"","format":"standard","meta":{"_links_to":"","_links_to_target":""},"categories":[297,9],"tags":[79,131,44,191,564],"_links":{"self":[{"href":"https:\/\/www.abc-berlin.net\/2008\/wp-json\/wp\/v2\/posts\/8490"}],"collection":[{"href":"https:\/\/www.abc-berlin.net\/2008\/wp-json\/wp\/v2\/posts"}],"about":[{"href":"https:\/\/www.abc-berlin.net\/2008\/wp-json\/wp\/v2\/types\/post"}],"author":[{"embeddable":true,"href":"https:\/\/www.abc-berlin.net\/2008\/wp-json\/wp\/v2\/users\/3"}],"replies":[{"embeddable":true,"href":"https:\/\/www.abc-berlin.net\/2008\/wp-json\/wp\/v2\/comments?post=8490"}],"version-history":[{"count":6,"href":"https:\/\/www.abc-berlin.net\/2008\/wp-json\/wp\/v2\/posts\/8490\/revisions"}],"predecessor-version":[{"id":8868,"href":"https:\/\/www.abc-berlin.net\/2008\/wp-json\/wp\/v2\/posts\/8490\/revisions\/8868"}],"wp:attachment":[{"href":"https:\/\/www.abc-berlin.net\/2008\/wp-json\/wp\/v2\/media?parent=8490"}],"wp:term":[{"taxonomy":"category","embeddable":true,"href":"https:\/\/www.abc-berlin.net\/2008\/wp-json\/wp\/v2\/categories?post=8490"},{"taxonomy":"post_tag","embeddable":true,"href":"https:\/\/www.abc-berlin.net\/2008\/wp-json\/wp\/v2\/tags?post=8490"}],"curies":[{"name":"wp","href":"https:\/\/api.w.org\/{rel}","templated":true}]}}