{"id":8743,"date":"2013-02-24T22:42:27","date_gmt":"2013-02-24T21:42:27","guid":{"rendered":"http:\/\/www.abc-berlin.net\/?p=8743"},"modified":"2014-12-22T21:02:42","modified_gmt":"2014-12-22T20:02:42","slug":"loch-in-der-zelle-vergas-anarcho-sein-werkzeug","status":"publish","type":"post","link":"https:\/\/www.abc-berlin.net\/2008\/loch-in-der-zelle-vergas-anarcho-sein-werkzeug","title":{"rendered":"Loch in der Zelle: Verga\u00df Anarcho sein Werkzeug?"},"content":{"rendered":"<p><a href=\"http:\/\/www.abc-berlin.net\/wp-content\/uploads\/2011\/05\/Gabriel-Pombo-da-Silva.jpg\" rel=\"lightbox[8743]\"><img loading=\"lazy\" class=\"alignright\" title=\"Gabriel Pombo da Silva, spanischer Anarchist, inhaftiert in der JVA Aachen\" src=\"http:\/\/www.abc-berlin.net\/wp-content\/uploads\/2011\/05\/Gabriel-Pombo-da-Silva-106x150.jpg\" alt=\"Gabriel Pombo da Silva, spanischer Anarchist, inhaftiert in der JVA Aachen\" width=\"106\" height=\"150\" \/><\/a><em><span class=\"dropcap\">I<\/span>n den <a href=\"http:\/\/www.aachener-nachrichten.de\/lokales\/aachen\/loch-in-der-zelle-vergass-anarcho-sein-werkzeug-1.507481\" target=\"_blank\">Aachener Nachrichten<\/a> erschien am 2. Februar ein Artikel dar\u00fcber, dass in der Zelle, in der <a href=\"http:\/\/www.abc-berlin.net\/tag\/gabriel-pombo-da-silva\" target=\"_blank\">Gabriel Pombo da Silva<\/a> die letzten Jahre verbringen musste, Ausbruchswerkzeuge gefunden wurden. Gabriel wurde <a title=\"Gabriel Pombo da Silva wurde nach Spanien verlegt\" href=\"http:\/\/www.abc-berlin.net\/gabriel-pombo-da-silva-wurde-nach-spanien-verlegt\" target=\"_blank\">am 18. Januar von Aachen nach Spanien verlegt<\/a>, wo er seine Reststrafe absitzen wird. Nat\u00fcrlich f\u00fchrt dies bei uns zu einem breiten Grinsen und zeigt wieder einmal Gabriel unvers\u00f6hnliche Haltung gegen\u00fcber diesem System.<br \/>\n<\/em><\/p>\n<h3 style=\"text-align: center;\">Loch in der Zelle: Verga\u00df Anarcho sein Werkzeug?<\/h3>\n<p>Gabriel Pompo da Silva ist trotz seines blumigen Namens beileibe kein Operetten-Tenor. Der heute 44-J\u00e4hrige Spanier war vielmehr bis vor kurzem ein prominenter H\u00e4ftling in der Aachener Justizvollzugsanstalt (JVA).<\/p>\n<p>Der politische K\u00e4mpfer und bekennende spanische Anarchist war Mitte 2004 mit seiner Schwester und zwei Kampfgenossen nach der Einreise mit dem Pkw \u00fcber den Grenz\u00fcbergang Vetschau auf Aachener Gebiet gestoppt worden. Das Quartett nahm eine Geisel und wurde damals nach einer wilden Verfolgungsjagd mit Schie\u00dferei mitten in der City verhaftet.<\/p>\n<p>Nun scheint sich die Gef\u00e4hrlichkeit des spanischen Guerilleros erneut zu zeigen. Denn als Beamte nach der Abschiebung da Silvas \u2013 er muss jetzt nach der Verb\u00fc\u00dfung von zwei Dritteln seiner 13-j\u00e4hrigen Freiheitsstrafe in Deutschland weitere in Spanien anh\u00e4ngigen Strafen verb\u00fc\u00dfen \u2013 seine inzwischen schon wieder bezogene Zelle in Haus V der JVA inspizierten, fanden sie nach Insiderberichten einen respektablen Hohlraum in der Wand vor, der anscheinend per Hand ausgegraben wurde. Gefunden wurden dort unter anderem Werkzeuge, wie sie nach landl\u00e4ufiger Meinung f\u00fcr den klassischen Gef\u00e4ngnisausbruch benutzt werden: Zwei S\u00e4gebl\u00e4tter mit Griff sollen dort gelegen haben.<\/p>\n<p>\u201eDie S\u00e4gen\u201c, bekundete am Freitag Anstaltsleiterin Reina Blikslager gegen\u00fcber den \u201eNachrichten\u201c, \u201ewaren nicht besonderes geeignet.\u201c Um mit ihrer Hilfe das glei\u00dfende Licht der Freiheit erblicken zu k\u00f6nnen, erkl\u00e4rte Blikslager ein wenig am\u00fcsiert, h\u00e4tte man bei dem in der JVA verbauten Hartstahl \u201elange, lange s\u00e4gen m\u00fcssen.\u201c Auf weitere Nachfrage best\u00e4tigte die JVA-Leiterin: \u201eJa, wir haben dort auch 25 Gramm Marihuana gefunden.\u201c Nach Informationen der \u201eNachrichten\u201c soll es ebenso zwei T\u00fcten mit Amphetamin-Ampullen in dem gro\u00dfr\u00e4umigen Versteck, das inzwischen provisorisch mit einer Holzplatte vernagelt wurde, gegeben haben, dazu ein Handy.<\/p>\n<p>Leiterin Blikslager will allerdings nicht best\u00e4tigen, dass die gefundene Konterbande auch hundertprozentig dem nach Spanien abgeschobenen Anarchisten zuzuordnen sei. \u201eWir haben die Situation, dass die Zelle ja bereits wieder belegt war\u201c, antwortet sie sibyllinisch. Dass der H\u00e4ftling in einem besonderen Sicherungstrakt des Hauses V gesessen habe, mochte sie nicht best\u00e4tigen, die gesamte JVA sei hoch gesichert. Da Silva habe im \u00dcbrigen selten Probleme gemacht, erl\u00e4uterte Blikslager, manchmal habe er sie auf Spanisch mit der Losung \u201eViva la Revoluci\u00f3n\u201c (\u201eEs lebe die Revolution\u201c) begr\u00fc\u00dft, das sei alles gewesen.<\/p>\n<p>Ab und an hatten sich in der achtj\u00e4hrigen Haftzeit des Spaniers politische Sympathisanten an den Au\u00dfenmauern eingefunden. In der Tat gab es \u00fcber die Jahre Polizeiberichte \u00fcber n\u00e4chtliches Feuerwerk und kleinere Partys am Rande der JVA. Der Aufgriff des Quartetts war damals v\u00f6llig zuf\u00e4llig. Am Steuer des weinroten BMW 535 sa\u00df 2004 die Schwester da Silvas, die vermutlich aus Unwissenheit mit hoher Geschwindigkeit am Grenz\u00fcbergang Vetschau \u00fcber die Autobahn donnerte, daneben ihr Bruder, hinten im Fonds der damals 45-j\u00e4hrige Baske Jos\u00e9 Fernandez Delago \u2013 er bekam 14 Jahre Haft \u2013 und ein belgischer Anarchist. Letzterer hatte angegeben, nicht zu wissen, dass die Spanier in Deutschland Waffen aus einer Polizeidienststelle rauben wollten. Als der Zoll den Wagen stellte, begann die w\u00fcste Verfolgungsjagd.<\/p>\n","protected":false},"excerpt":{"rendered":"<p>In den Aachener Nachrichten erschien am 2. Februar ein Artikel dar\u00fcber, dass in der Zelle, in der Gabriel Pombo da Silva die letzten Jahre verbringen musste, Ausbruchswerkzeuge gefunden wurden. Gabriel wurde am 18. Januar von Aachen nach Spanien verlegt, wo er seine Reststrafe absitzen wird. <\/p>\n","protected":false},"author":3,"featured_media":10279,"comment_status":"closed","ping_status":"open","sticky":false,"template":"","format":"standard","meta":{"_links_to":"","_links_to_target":""},"categories":[6,36,9],"tags":[52,448,61,356],"_links":{"self":[{"href":"https:\/\/www.abc-berlin.net\/2008\/wp-json\/wp\/v2\/posts\/8743"}],"collection":[{"href":"https:\/\/www.abc-berlin.net\/2008\/wp-json\/wp\/v2\/posts"}],"about":[{"href":"https:\/\/www.abc-berlin.net\/2008\/wp-json\/wp\/v2\/types\/post"}],"author":[{"embeddable":true,"href":"https:\/\/www.abc-berlin.net\/2008\/wp-json\/wp\/v2\/users\/3"}],"replies":[{"embeddable":true,"href":"https:\/\/www.abc-berlin.net\/2008\/wp-json\/wp\/v2\/comments?post=8743"}],"version-history":[{"count":8,"href":"https:\/\/www.abc-berlin.net\/2008\/wp-json\/wp\/v2\/posts\/8743\/revisions"}],"predecessor-version":[{"id":10284,"href":"https:\/\/www.abc-berlin.net\/2008\/wp-json\/wp\/v2\/posts\/8743\/revisions\/10284"}],"wp:featuredmedia":[{"embeddable":true,"href":"https:\/\/www.abc-berlin.net\/2008\/wp-json\/wp\/v2\/media\/10279"}],"wp:attachment":[{"href":"https:\/\/www.abc-berlin.net\/2008\/wp-json\/wp\/v2\/media?parent=8743"}],"wp:term":[{"taxonomy":"category","embeddable":true,"href":"https:\/\/www.abc-berlin.net\/2008\/wp-json\/wp\/v2\/categories?post=8743"},{"taxonomy":"post_tag","embeddable":true,"href":"https:\/\/www.abc-berlin.net\/2008\/wp-json\/wp\/v2\/tags?post=8743"}],"curies":[{"name":"wp","href":"https:\/\/api.w.org\/{rel}","templated":true}]}}