{"id":8898,"date":"2013-04-26T14:33:32","date_gmt":"2013-04-26T13:33:32","guid":{"rendered":"http:\/\/www.abc-berlin.net\/?p=8898"},"modified":"2013-04-26T14:33:48","modified_gmt":"2013-04-26T13:33:48","slug":"ein-unqualifizierter-sachverstaendiger-hat-das-wort-bericht-zum-prozesstag-gegen-sonja-suder-und-christian-gauger-am-23-04-2013","status":"publish","type":"post","link":"https:\/\/www.abc-berlin.net\/2008\/ein-unqualifizierter-sachverstaendiger-hat-das-wort-bericht-zum-prozesstag-gegen-sonja-suder-und-christian-gauger-am-23-04-2013","title":{"rendered":"Ein unqualifizierter Sachverst\u00e4ndiger hat das Wort: Bericht zum Prozesstag gegen Sonja Suder und Christian Gauger am 23.04.2013"},"content":{"rendered":"<p><em><a href=\"http:\/\/www.abc-berlin.net\/wp-content\/uploads\/2012\/11\/Protest-beim7.-Prozesstag-gegen-Sonja-und-Christian.png\" rel=\"lightbox[8898]\"><img loading=\"lazy\" class=\"alignright\" title=\"Beim Prozesstag am 2.11.2012 protestierten Besucher*innen gegen die Verlesung von Dokumenten ehemaliger Richter \u00fcber die Behandlung und Verh\u00f6rsituation von Herrmann Feiling. Die offenkundige Misshandlung des schwerletzten Hermann Feiling wird darin verharmlost und gerechtfertigt. Mit Transparenten im Gerichtssaal und drau\u00dfen wurde auf die Komplizenschaft des Gerichts mit Folterpraktiken hingewiesen.\" alt=\"\" src=\"http:\/\/www.abc-berlin.net\/wp-content\/uploads\/2012\/11\/Protest-beim7.-Prozesstag-gegen-Sonja-und-Christian-250x187.png\" width=\"175\" height=\"131\" \/><\/a>Von der <a href=\"http:\/\/www.verdammtlangquer.org\/\" target=\"_blank\">Soliwebseite<\/a> f\u00fcr <a href=\"http:\/\/www.abc-berlin.net\/tag\/sonja-suder\" target=\"_blank\">Sonja Suder<\/a> und <a href=\"http:\/\/www.abc-berlin.net\/tag\/christian-gauger\" target=\"_blank\">Christian Gauger<\/a> \u00fcbernehmen wir den Bericht vom Prozesstag am 23. April. Die <a href=\"http:\/\/www.verdammtlangquer.org\/2012\/09\/samtliche-prozesstermine-bis-november\/\" target=\"_blank\">weiteren Prozesstermine<\/a> sind auf der Soliseite einsehbar.<\/em><\/p>\n<p>Der Sachverst\u00e4ndige Dr. Haag, der sich zur Vernehmungsf\u00e4higkeit von Hermann F. \u00e4u\u00dfern soll, stand im Mittelpunkt dieses Prozesstages. Zuerst nahm er \u2013 schriftlich vorbereitet \u2013 zum Befangenheitsantrag der Verteidigung Stellung. <!--more-->Kernpunkt: psychische Auff\u00e4lligkeiten k\u00f6nnte er auch ohne besondere traumatologische Fachkenntnisse beurteilen. Die Staatsanwaltschaft meinte, wenn der Sachverst\u00e4ndige fachlich unqualifiziert w\u00e4re, sei dies kein Befangenheitsgrund. Die Verteidigung versuchte diesen tiefsinnigen Ausf\u00fchrungen noch etwas entgegen zu setzen, leider erfolglos.<\/p>\n<p>Die Kammer lehnt den Befangenheitsantrag ab und nach 12 Uhr konnte dann der Sachverst\u00e4ndige seine Erkenntnisse vortragen. Hermann hatte sich geweigert, sich von diesem Arzt untersuchen zu lassen, aber das machte dem nichts aus.<\/p>\n<p>Ein altes Gutachten und einige \u00e4rztliche Atteste reichten ihm, Hermanns uneingeschr\u00e4nkte Vernehmungsf\u00e4higkeit festzustellen. Hermann h\u00e4tte zwar durch die Explosion ein schweres Trauma erlitten, zu einer posttraumatischen Belastungsst\u00f6rung sei es aber nicht gekommen, weil sich in diesen Unterlagen nichts zu Schlafst\u00f6rungen, \u00c4ngsten und Panikattacken gefunden h\u00e4tte. Da er auch die Gefahr eines epileptischen Anfalls durch eine Vernehmung als sehr gering einstufte, kam er zu dem Schluss, dass Hermann voll vernehmungsf\u00e4hig ist.<\/p>\n<p>An diesem Tag blieb die Behauptung im Raume stehen, denn die Befragung des Sachverst\u00e4ndigen wurde auf den 31.5.2013 vertagt.<\/p>\n<p><strong>Neuer Termin, der bisher noch nicht festgelegt war, ist nun der 31.Mai 2013. Bitte beachtet die Prozesstermine und lasst nicht nach, kritischer Teil der \u00d6ffentlichkeit zu sein.<\/strong><\/p>\n","protected":false},"excerpt":{"rendered":"<p>Von der Soliwebseite f\u00fcr Sonja Suder und Christian Gauger \u00fcbernehmen wir den Bericht vom Prozesstag am 23. April. Die weiteren Prozesstermine sind auf der Soliseite einsehbar. Der Sachverst\u00e4ndige Dr. Haag, der sich zur Vernehmungsf\u00e4higkeit von Hermann F. \u00e4u\u00dfern soll,&#46;&#46;&#46;<\/p>\n","protected":false},"author":3,"featured_media":0,"comment_status":"closed","ping_status":"open","sticky":false,"template":"","format":"standard","meta":{"_links_to":"","_links_to_target":""},"categories":[36,9,19],"tags":[337,87,704,335,338],"_links":{"self":[{"href":"https:\/\/www.abc-berlin.net\/2008\/wp-json\/wp\/v2\/posts\/8898"}],"collection":[{"href":"https:\/\/www.abc-berlin.net\/2008\/wp-json\/wp\/v2\/posts"}],"about":[{"href":"https:\/\/www.abc-berlin.net\/2008\/wp-json\/wp\/v2\/types\/post"}],"author":[{"embeddable":true,"href":"https:\/\/www.abc-berlin.net\/2008\/wp-json\/wp\/v2\/users\/3"}],"replies":[{"embeddable":true,"href":"https:\/\/www.abc-berlin.net\/2008\/wp-json\/wp\/v2\/comments?post=8898"}],"version-history":[{"count":3,"href":"https:\/\/www.abc-berlin.net\/2008\/wp-json\/wp\/v2\/posts\/8898\/revisions"}],"predecessor-version":[{"id":8901,"href":"https:\/\/www.abc-berlin.net\/2008\/wp-json\/wp\/v2\/posts\/8898\/revisions\/8901"}],"wp:attachment":[{"href":"https:\/\/www.abc-berlin.net\/2008\/wp-json\/wp\/v2\/media?parent=8898"}],"wp:term":[{"taxonomy":"category","embeddable":true,"href":"https:\/\/www.abc-berlin.net\/2008\/wp-json\/wp\/v2\/categories?post=8898"},{"taxonomy":"post_tag","embeddable":true,"href":"https:\/\/www.abc-berlin.net\/2008\/wp-json\/wp\/v2\/tags?post=8898"}],"curies":[{"name":"wp","href":"https:\/\/api.w.org\/{rel}","templated":true}]}}