{"id":8911,"date":"2013-05-02T21:48:45","date_gmt":"2013-05-02T20:48:45","guid":{"rendered":"http:\/\/www.abc-berlin.net\/?p=8911"},"modified":"2014-12-26T18:27:11","modified_gmt":"2014-12-26T17:27:11","slug":"marco-camenisch-gruss-und-wutbotschaft-zum-1-mai-2013","status":"publish","type":"post","link":"https:\/\/www.abc-berlin.net\/2008\/marco-camenisch-gruss-und-wutbotschaft-zum-1-mai-2013","title":{"rendered":"Marco Camenisch: Gruss und Wutbotschaft zum 1. Mai 2013"},"content":{"rendered":"<p><b><em><a href=\"http:\/\/www.abc-berlin.net\/wp-content\/uploads\/2010\/09\/marco-camenisch-2.jpg\" rel=\"lightbox[8911]\"><img loading=\"lazy\" class=\"alignright\" title=\"Marco Camenisch\" src=\"http:\/\/www.abc-berlin.net\/wp-content\/uploads\/2010\/09\/marco-camenisch-2-250x151.jpg\" alt=\"Marco Camenisch\" width=\"200\" height=\"121\" \/><\/a><\/em><\/b><span class=\"dropcap\">M<\/span>ir ist \u00fcberhaupt nicht zum Feiern zumute! Gefeiert wird n\u00e4mlich genug! Einerseits. Denn was wir von Natur aus auch tun und lassen wollen und m\u00fcssen, das Leben sollte eigentlich immer ein Fest sein.<\/p>\n<p>Denn der 1.Mai ist keine Feier. Der 1.Mai ist nicht zum feiern da. Und der 1. Mai sollte noch viel weniger <i>Tag der Arbeit <\/i>schon gar nicht ein Tag, wie auch immer, <b>f\u00fcr<\/b> die Arbeit sein. Sondern ein Tag der radikalen Reflektion und Analyse <b>\u00fcber<\/b> die Arbeit und zur solidarischen Organisierung des radikalen Kampfes gegen die Arbeit und damit zwingend, gegen das System und alle seine Wurzeln, die Arbeit \u00fcberhaupt erzwingen, notwendig machen und uns alle auf Tod oder Leben davon abh\u00e4ngig machen, die uns und unsere Zukunft damit t\u00f6ten!<\/p>\n<p>Denn Arbeit ist Sklaverei<\/p>\n<p>Und ich sage nicht Lohnsklaverei weil dieser Begriff nur schon eine krasse Verharmlosung ist, wenn wir, wie heute in der aktuellen Krise, die sogenannte Arbeitslosigkeit oder die zum \u00dcberleben zu geringen L\u00f6hne, oder die gar keine mehr sind oder die es noch nie waren in Betracht ziehen.<\/p>\n<p>Wenn wir in Betracht ziehen, dass Arbeit und Ausbeutung nur miteinander und nur durch patriarchale Herrschaft und Unterdr\u00fcckung, Massenmord und Vernichtung an der Menschheit und der Natur entstehen konnten und bestehen k\u00f6nnen.<\/p>\n<p>Darum ist auch der Ausdruck Produzieren, Konsumieren, Krepieren eine krasse Verharmlosung und schlicht falsch. Denn seit dem Beginn der patriarchalen Herrschaft, Ausbeutung und Sklaverei, bzw. seit den Anf\u00e4ngen der Zivilisation, f\u00e4ngt der Teufelskreis des Krepierens immer und auf allen Ebenen am Anfang dieses auch immer technologisch-industriell gepr\u00e4gten und bedingten Massenprozesses an. Er f\u00e4ngt damit an aber wird damit nie ganz aufh\u00f6ren, siehe z.B. die niedliche Atomm\u00fcllproblematik. Er beginnt also mit jeder industriell-technologischen Massenproduktion und Massenkonsumierung eines Menschen- und Waren\u00fcberschusses und wird von Anfang an so oder anders endlos. Und f\u00fcr was? F\u00fcr die nachhaltig gew\u00fcnschte und betriebene Anh\u00e4ufung von Macht und Reichtum f\u00fcr Wenige! Es ist ihre Menschen- und Waren\u00fcberschussproduktion und Verschleuderung von \u00fcbersch\u00fcssigen Menschen und Waren f\u00fcr den imperialistischen Krieg gegen Innen und Aussen, f\u00fcr den ewigen Klassenkrieg von Oben nach Unten, f\u00fcr den Krieg aller gegen alle und aller gegen die Natur, den sie zur Erhaltung und Weiterentwicklung dieses m\u00f6rderischen und selbstm\u00f6rderischen gesellschaftlichen Systems und Prozesses immer sch\u00e4rfer antreiben. Teile und herrsche. Am besten durch Arbeit!<\/p>\n<p>Wenn es in Chicago noch um hunderte auf einen Schlag ermordetet Arbeitssklavinnen ging, geht es heute wie in Bangladesh locker um eine Null mehr. Eben Fortschritt. Und genug Profis der Gewalt um diesen durchzukn\u00fcppeln.<\/p>\n<p>Die Nullen hinter den Zahlen ihrer Opfer im allumfassenden technologisch-industriellen kapitalistischen Produktions- und Wegwerfkrieg wachsen munter weiter und werden in ihren Risikogesellschafts-Indizes zur Wirtschaftlichkeitsberechnung degradiert. Und digital aus unserem bald EARTHLINK aufgel\u00f6sten kollektiven Null-Bewusstsein durch die schon gross laufende reaktion\u00e4r mobilisierende Facebook- und Handyappvereinzelung ausradiert. Und bald wohl noch effizienter mit einer Multifunktionsbrille, f\u00fcr alle obligatorisch total vernetzt und implantiert. Opfer null wert und keine Menschen, ausser sie selbst sind es, oder wenn man sie zur Terrorpropaganda und als Kriegsvorwand ausschlachten kann. Alles f\u00fcr die Arbeit.<\/p>\n<p><b>Darum: Weder digital, noch verbal-radikal, sondern real, real solidarisch, bis auf ihre Wurzeln, schluss mit ihrem Sklavensystem Staat und Kapital, schluss mit Arbeit!<\/b><\/p>\n<p><b>Die uns t\u00f6tet. Die unsere Freiheit und Zukunft t\u00f6tet, wo sie nicht schon tot ist!<\/b><\/p>\n<p>Seid umarmt,<\/p>\n<p style=\"text-align: right;\"><em>marco, Knast Lenzburg Mai 2013<\/em><\/p>\n","protected":false},"excerpt":{"rendered":"<p>Mir ist \u00fcberhaupt nicht zum Feiern zumute! Gefeiert wird n\u00e4mlich genug! Einerseits. Denn was wir von Natur aus auch tun und lassen wollen und m\u00fcssen, das Leben sollte eigentlich immer ein Fest sein.<\/p>\n","protected":false},"author":3,"featured_media":2789,"comment_status":"closed","ping_status":"open","sticky":false,"template":"","format":"standard","meta":{"_links_to":"","_links_to_target":""},"categories":[1,9,298],"tags":[42,52,53,64],"_links":{"self":[{"href":"https:\/\/www.abc-berlin.net\/2008\/wp-json\/wp\/v2\/posts\/8911"}],"collection":[{"href":"https:\/\/www.abc-berlin.net\/2008\/wp-json\/wp\/v2\/posts"}],"about":[{"href":"https:\/\/www.abc-berlin.net\/2008\/wp-json\/wp\/v2\/types\/post"}],"author":[{"embeddable":true,"href":"https:\/\/www.abc-berlin.net\/2008\/wp-json\/wp\/v2\/users\/3"}],"replies":[{"embeddable":true,"href":"https:\/\/www.abc-berlin.net\/2008\/wp-json\/wp\/v2\/comments?post=8911"}],"version-history":[{"count":12,"href":"https:\/\/www.abc-berlin.net\/2008\/wp-json\/wp\/v2\/posts\/8911\/revisions"}],"predecessor-version":[{"id":10423,"href":"https:\/\/www.abc-berlin.net\/2008\/wp-json\/wp\/v2\/posts\/8911\/revisions\/10423"}],"wp:featuredmedia":[{"embeddable":true,"href":"https:\/\/www.abc-berlin.net\/2008\/wp-json\/wp\/v2\/media\/2789"}],"wp:attachment":[{"href":"https:\/\/www.abc-berlin.net\/2008\/wp-json\/wp\/v2\/media?parent=8911"}],"wp:term":[{"taxonomy":"category","embeddable":true,"href":"https:\/\/www.abc-berlin.net\/2008\/wp-json\/wp\/v2\/categories?post=8911"},{"taxonomy":"post_tag","embeddable":true,"href":"https:\/\/www.abc-berlin.net\/2008\/wp-json\/wp\/v2\/tags?post=8911"}],"curies":[{"name":"wp","href":"https:\/\/api.w.org\/{rel}","templated":true}]}}