{"id":9059,"date":"2013-06-12T12:51:23","date_gmt":"2013-06-12T11:51:23","guid":{"rendered":"http:\/\/www.abc-berlin.net\/?p=9059"},"modified":"2013-06-12T12:53:14","modified_gmt":"2013-06-12T11:53:14","slug":"weltweite-agitations-und-aktionswochen-fur-subversive-gefangene-in-chile","status":"publish","type":"post","link":"https:\/\/www.abc-berlin.net\/2008\/weltweite-agitations-und-aktionswochen-fur-subversive-gefangene-in-chile","title":{"rendered":"Weltweite Agitations- und Aktionswochen f\u00fcr subversive Gefangene in Chile"},"content":{"rendered":"<p style=\"text-align: center;\"><strong><a href=\"http:\/\/www.abc-berlin.net\/wp-content\/uploads\/2013\/06\/Freddy-Marcelo-Juan.jpg\" rel=\"lightbox[9059]\"><img loading=\"lazy\" class=\"alignright  wp-image-9061\" title=\"Weltweite Agitations- und Aktionswochen f\u00fcr subversive Gefangene in Chile\" alt=\"Weltweite Agitations- und Aktionswochen f\u00fcr subversive Gefangene in Chile\" src=\"http:\/\/www.abc-berlin.net\/wp-content\/uploads\/2013\/06\/Freddy-Marcelo-Juan-192x250.jpg\" width=\"134\" height=\"175\" srcset=\"https:\/\/www.abc-berlin.net\/2008\/wp-content\/uploads\/2013\/06\/Freddy-Marcelo-Juan-192x250.jpg 192w, https:\/\/www.abc-berlin.net\/2008\/wp-content\/uploads\/2013\/06\/Freddy-Marcelo-Juan-460x600.jpg 460w, https:\/\/www.abc-berlin.net\/2008\/wp-content\/uploads\/2013\/06\/Freddy-Marcelo-Juan.jpg 600w\" sizes=\"(max-width: 134px) 100vw, 134px\" \/><\/a>20-25. Mai \/ 20.-25. Juni \/ 25.-31. Juli<i><br \/>\nAktive und k\u00e4mpferische Solidarit\u00e4t mit Freddy, Marcelo und Juan<\/i><\/strong><\/p>\n<p>Der 24. April 2013 wurde als Datum f\u00fcr die Vorbereitung der m\u00fcndlichen Verhandlung gegen <a href=\"http:\/\/www.abc-berlin.net\/tag\/marcelo-villarroel\" target=\"_blank\">Marcelo Villarroel<\/a>, <a href=\"http:\/\/www.abc-berlin.net\/tag\/juan-aliste\" target=\"_blank\">Juan Aliste Vega<\/a> und <a href=\"http:\/\/www.abc-berlin.net\/tag\/freddy-fuentevilla\" target=\"_blank\">Freddy Fuentevilla<\/a> anberaumt, welche beschuldigt werden, verschiedene Bank\u00fcberf\u00e4lle begangen zu haben und f\u00fcr den Tod eines Polizisten verantwortlich zu sein. Die Anh\u00f6rung wurde zum zweiten Mal f\u00fcr nichtig erkl\u00e4rt, weil sie nicht den Standards der Strafverfolgung und des Schutzes der Angeklagten gen\u00fcgte.<br \/>\n<!--more--><br \/>\nEin neuer Vorbereitungstermin der m\u00fcndlichen Verhandlung wurde auf den 1. August 2013 festgesetzt.<\/p>\n<p>Bis jetzt haben die GenossInnen bereits 3 Jahre und 8 Monate in U-Haft gesessen, ohne je eine Strafe bekommen zu haben.<br \/>\nDies ist ein Beispiel f\u00fcr die Tatsache, dass das Staatgef\u00e4ngnis-Kapital den Knast und die Gefangenschaft als eine andere Form der Bestrafung, Kontrolle und Vernichtung gegen jene nutzt, die gegen die etablierte Ordnung rebellieren.<\/p>\n<p>Dies ist ein Aufruf, alle Formen der Solidarit\u00e4t und des Kampfes f\u00fcr die Gefangenen des sozialen Krieges aufzunehmen. Denn wer die Kriegsgefangenen vergisst, vergisst den Krieg selbst\u2026<\/p>\n<p><em>Mehr zu dem \u2018Sicherheitsfall\u2019 <a href=\"http:\/\/waronsociety.noblogs.org\/?tag=security-case\">hier <\/a>\/ <a href=\"http:\/\/freddymarcelojuan.noblogs.org\/\">Solidarit\u00e4tsblog<\/a><\/em><\/p>\n<p><strong>Lasst Freddy, Marcelo and Juan raus auf die Stra\u00dfen!<\/strong><\/p>\n","protected":false},"excerpt":{"rendered":"<p>20-25. Mai \/ 20.-25. Juni \/ 25.-31. Juli Aktive und k\u00e4mpferische Solidarit\u00e4t mit Freddy, Marcelo und Juan Der 24. April 2013 wurde als Datum f\u00fcr die Vorbereitung der m\u00fcndlichen Verhandlung gegen Marcelo Villarroel, Juan Aliste Vega und Freddy Fuentevilla&#46;&#46;&#46;<\/p>\n","protected":false},"author":3,"featured_media":0,"comment_status":"closed","ping_status":"open","sticky":false,"template":"","format":"standard","meta":{"_links_to":"","_links_to_target":""},"categories":[9,10,298],"tags":[139,52,76,327,328,196,703],"_links":{"self":[{"href":"https:\/\/www.abc-berlin.net\/2008\/wp-json\/wp\/v2\/posts\/9059"}],"collection":[{"href":"https:\/\/www.abc-berlin.net\/2008\/wp-json\/wp\/v2\/posts"}],"about":[{"href":"https:\/\/www.abc-berlin.net\/2008\/wp-json\/wp\/v2\/types\/post"}],"author":[{"embeddable":true,"href":"https:\/\/www.abc-berlin.net\/2008\/wp-json\/wp\/v2\/users\/3"}],"replies":[{"embeddable":true,"href":"https:\/\/www.abc-berlin.net\/2008\/wp-json\/wp\/v2\/comments?post=9059"}],"version-history":[{"count":9,"href":"https:\/\/www.abc-berlin.net\/2008\/wp-json\/wp\/v2\/posts\/9059\/revisions"}],"predecessor-version":[{"id":9069,"href":"https:\/\/www.abc-berlin.net\/2008\/wp-json\/wp\/v2\/posts\/9059\/revisions\/9069"}],"wp:attachment":[{"href":"https:\/\/www.abc-berlin.net\/2008\/wp-json\/wp\/v2\/media?parent=9059"}],"wp:term":[{"taxonomy":"category","embeddable":true,"href":"https:\/\/www.abc-berlin.net\/2008\/wp-json\/wp\/v2\/categories?post=9059"},{"taxonomy":"post_tag","embeddable":true,"href":"https:\/\/www.abc-berlin.net\/2008\/wp-json\/wp\/v2\/tags?post=9059"}],"curies":[{"name":"wp","href":"https:\/\/api.w.org\/{rel}","templated":true}]}}