{"id":9070,"date":"2013-06-13T10:59:20","date_gmt":"2013-06-13T09:59:20","guid":{"rendered":"http:\/\/www.abc-berlin.net\/?p=9070"},"modified":"2014-12-24T15:33:11","modified_gmt":"2014-12-24T14:33:11","slug":"francesco-puglisi-verurteilt-wegen-den-riots-in-genua-2001-wurde-in-spanien-verhaftet","status":"publish","type":"post","link":"https:\/\/www.abc-berlin.net\/2008\/francesco-puglisi-verurteilt-wegen-den-riots-in-genua-2001-wurde-in-spanien-verhaftet","title":{"rendered":"Francesco Puglisi, verurteilt wegen den Riots in Genua 2001, wurde in Spanien verhaftet"},"content":{"rendered":"<p><a href=\"http:\/\/www.abc-berlin.net\/wp-content\/uploads\/2012\/06\/Aufruf-f\u00fcr-eine-internationale-Mobilisierung-in-Solidarit\u00e4t-mit-den-Verurteilten-wegen-den-Ausschreitungen-in-Genua-im-Jahr-2001.jpg\" rel=\"lightbox[9070]\"><img loading=\"lazy\" class=\"alignright\" title=\"Aufruf f\u00fcr eine internationale Mobilisierung in Solidarit\u00e4t mit den Verurteilten wegen den Ausschreitungen in Genua im Jahr 2001\" src=\"http:\/\/www.abc-berlin.net\/wp-content\/uploads\/2012\/06\/Aufruf-f\u00fcr-eine-internationale-Mobilisierung-in-Solidarit\u00e4t-mit-den-Verurteilten-wegen-den-Ausschreitungen-in-Genua-im-Jahr-2001-250x178.jpg\" alt=\"Aufruf f\u00fcr eine internationale Mobilisierung in Solidarit\u00e4t mit den Verurteilten wegen den Ausschreitungen in Genua im Jahr 2001\" width=\"175\" height=\"125\" \/><\/a><span class=\"dropcap\">I<\/span>n Barcelona wurde nach Berichten von <a href=\"http:\/\/www.rdl.de\/index.php?option=com_content&amp;view=category&amp;id=276&amp;layout=blog&amp;Itemid=503\">Radio Dreyeckland<\/a> sowie <a href=\"http:\/\/www.lavanguardia.com\/sucesos\/20130604\/54374695116\/detenido-italiano-explosivos.html\">spanischen<\/a> und <a href=\"http:\/\/www.ilmanifesto.it\/attualita\/notizie\/mricN\/9528\/\">italienischen<\/a> Medien am 4. Juni Francesco Puglisi gefasst, der vor knapp einem Jahr wegen seiner Teilnahme an den Protesten gegen den G8-Gipfel in <a href=\"http:\/\/www.abc-berlin.net\/tag\/genua\" target=\"_blank\">Genua<\/a> 2001 <a title=\"G8-Gipfel in Genua \u2013 Haftstrafen gegen DemonstrantInnen teilweise best\u00e4tigt\" href=\"http:\/\/www.abc-berlin.net\/g8-gipfel-in-genua-haftstrafen-gegen-demonstrantinnen-teilweise-bestaetigt\" target=\"_blank\">zu 12 Jahren Haft verurteilt<\/a> worden war.<\/p>\n<p>Puglisi, auch &#8220;Jimmy&#8221; genannt, wurden Diebstahl und Sachbesch\u00e4digung vorgeworfen, dazu kommt erschwerend der Vorwurf, die &#8220;Menge angestachelt zu haben&#8221;. Die Straftatbest\u00e4nde fu\u00dfen auf einem aus dem Faschismus stammenden Strafkodex. Schwerere Vorw\u00fcrfe gegen die insgesamt 5 Verurteilten, wie die des Besitzes von Sprengstoffen, waren wegen Beweismittelf\u00e4lschung fallengelassen worden. Die zwei Verurteilten mit den h\u00f6chsten Haftstrafen waren zwei geflohen, von denen sich nun noch einer in Freiheit befindet (Haftstrafe: 15 Jahre). Zwei weitere befinden sich im Gef\u00e4ngnis, eine Verurteilte verbringt ihre Strafe als Mutter eines kleinen Kindes in Hausarrest. Puglisi war durch die Zusammenarbeit der italienischen, spanischen und franz\u00f6sischen Polizei gefasst worden, die seine Bewegungen in Frankreich und Spanien per Handy\u00fcberwachung nachverfolgten.<\/p>\n<p>Gleichzeitig steht in Italien die Urteilsverk\u00fcndung zum Revisionsverfahren im Prozess um die Gewalttaten gegen die Protestierenden in der Bolzaneto-Kaserne bevor: Das Urteil soll am 14.6. fallen. Hier gelten v\u00f6llig andere Ma\u00dfst\u00e4be; die Vorw\u00fcrfe gegen 37 der 44 Angeklagten sind bereits verj\u00e4hrt, den restlichen sieben Angeklagten drohen Strafen zwischen einem und knapp \u00fcber drei Jahren. Eine breite Initiative fordert u.a. daher die Einf\u00fchrung des <a href=\"http:\/\/www.3leggi.it\/appello\/\">Straftatbestandes der Folter<\/a> in Italien.<\/p>\n","protected":false},"excerpt":{"rendered":"<p>In Barcelona wurde nach Berichten von Radio Dreyeckland sowie spanischen und italienischen Medien am 4. Juni Francesco Puglisi gefasst, der vor knapp einem Jahr wegen seiner Teilnahme an den Protesten gegen den G8-Gipfel in Genua 2001 zu 12 Jahren Haft verurteilt worden war. <\/p>\n","protected":false},"author":3,"featured_media":7106,"comment_status":"closed","ping_status":"open","sticky":false,"template":"","format":"standard","meta":{"_links_to":"","_links_to_target":""},"categories":[297,9],"tags":[444,588,280,40],"_links":{"self":[{"href":"https:\/\/www.abc-berlin.net\/2008\/wp-json\/wp\/v2\/posts\/9070"}],"collection":[{"href":"https:\/\/www.abc-berlin.net\/2008\/wp-json\/wp\/v2\/posts"}],"about":[{"href":"https:\/\/www.abc-berlin.net\/2008\/wp-json\/wp\/v2\/types\/post"}],"author":[{"embeddable":true,"href":"https:\/\/www.abc-berlin.net\/2008\/wp-json\/wp\/v2\/users\/3"}],"replies":[{"embeddable":true,"href":"https:\/\/www.abc-berlin.net\/2008\/wp-json\/wp\/v2\/comments?post=9070"}],"version-history":[{"count":6,"href":"https:\/\/www.abc-berlin.net\/2008\/wp-json\/wp\/v2\/posts\/9070\/revisions"}],"predecessor-version":[{"id":10368,"href":"https:\/\/www.abc-berlin.net\/2008\/wp-json\/wp\/v2\/posts\/9070\/revisions\/10368"}],"wp:featuredmedia":[{"embeddable":true,"href":"https:\/\/www.abc-berlin.net\/2008\/wp-json\/wp\/v2\/media\/7106"}],"wp:attachment":[{"href":"https:\/\/www.abc-berlin.net\/2008\/wp-json\/wp\/v2\/media?parent=9070"}],"wp:term":[{"taxonomy":"category","embeddable":true,"href":"https:\/\/www.abc-berlin.net\/2008\/wp-json\/wp\/v2\/categories?post=9070"},{"taxonomy":"post_tag","embeddable":true,"href":"https:\/\/www.abc-berlin.net\/2008\/wp-json\/wp\/v2\/tags?post=9070"}],"curies":[{"name":"wp","href":"https:\/\/api.w.org\/{rel}","templated":true}]}}