{"id":9105,"date":"2013-07-01T07:02:54","date_gmt":"2013-07-01T06:02:54","guid":{"rendered":"http:\/\/www.abc-berlin.net\/?p=9105"},"modified":"2013-07-05T07:13:40","modified_gmt":"2013-07-05T06:13:40","slug":"thomas-meyer-falk-18-jahre-isolationshaft-beendet","status":"publish","type":"post","link":"https:\/\/www.abc-berlin.net\/2008\/thomas-meyer-falk-18-jahre-isolationshaft-beendet","title":{"rendered":"Thomas Meyer-Falk: 18 Jahre Isolationshaft beendet"},"content":{"rendered":"<p><a href=\"http:\/\/www.abc-berlin.net\/wp-content\/uploads\/2009\/06\/faust-durchs-gitter.jpg\" rel=\"lightbox[9105]\"><img loading=\"lazy\" class=\"alignleft\" title=\"faust-durchs-gitter\" alt=\"faust-durchs-gitter\" src=\"http:\/\/www.abc-berlin.net\/wp-content\/uploads\/2009\/06\/faust-durchs-gitter.jpg\" width=\"115\" height=\"120\" \/><\/a>Seit nunmehr 18 Jahren sa\u00df Peter Wegener in Isolationshaft. Jetzt wurde sie aufgehoben.<\/p>\n<p><em>Zur Vorgeschichte<\/em><\/p>\n<p>Es war im Fr\u00fchsommer 1995, als Peter und G\u00fcnter Finneisen in der JVA Celle sich entschlossen angesichts der ungewissen Aussichten, einen Beamten als Geisel zu nehmen. So erk\u00e4mpften sie sich ein Fluchtauto, Geld und zumindest f\u00fcr einige Stunden ihre Freiheit. Jedoch wurden beide kurze Zeit sp\u00e4ter von Spezialeinsatzkr\u00e4ften festgenommen und wieder inhaftiert.<br \/>\n<!--more--><br \/>\n<em>Isolation ohne Ende<\/em><\/p>\n<p>Nach diversen Verlegungen von Gef\u00e4ngnis zu Gef\u00e4ngnis, stets mit maximalen Isolationsbedingungen, landete Peter vor Jahren in der nieders\u00e4chsischen <a href=\"http:\/\/www.justizvollzugsanstalt-sehnde.niedersachsen.de\/\" target=\"_blank\">JVA Sehnde<\/a>, im Volksmund auch \u201eAlcatraz des Nordens\u201c genannt, aufgrund der extremen Sicherheitsstandards.<\/p>\n<p>Peter sa\u00df all die Jahre in Isolationstrakten, durfte anfangs die Zelle nur gefesselt verlassen; erst nach vielen Jahren wurde diese Ma\u00dfnahme dahingehend \u201eabgemildert\u201c, dass er \u201enur\u201c bei Verlassen des Isotraktes gefesselt wurde. Die Zellenausstattung spartanisch zu nennen, w\u00e4re noch geschmeichelt.<\/p>\n<p>Dazu das entw\u00fcrdigende Prozedere sich vor Verlassen der Zelle nackt ausziehen zu m\u00fcssen, um andere Kleidung anzuziehen; wie dann auch vor R\u00fcckkehr in die Zelle: das Ganze nochmal. Wenn er also mal in den Hof wollte f\u00fcr seine Stunde Spaziergang im K\u00e4fig oder er Besuch bekam, hie\u00df das stets: mehrfach nackt ausziehen.<\/p>\n<p>Erst 2012 beendete dieses unw\u00fcrdige Theater des Nackt-Ausziehens die zust\u00e4ndige Strafvollstreckungskammer. Au\u00dferdem erstritt sich Peter das Recht zumindest in seiner Zelle ein privates T-Shirt tragen zu d\u00fcrfen, anstatt Gef\u00e4ngniskleidung.<\/p>\n<p>\u00dcber all die Jahre versuchte er sich trotz der HIV-Infektion k\u00f6rperlich fit zu halten und Kontakt in die Freiheit, aber auch brieflich zu anderen Gefangenen zu halten, was zumindest ein wenig die Isolationshaft ertr\u00e4glicher machte.<\/p>\n<p>Ein harter Schlag f\u00fcr ihn war der Tod seiner Frau vor einigen Jahren.<\/p>\n<p><em>Ende der Isolation<\/em><\/p>\n<p>Nachdem Peter Anfang 2012 seine Strafen abgesessen hatte und nunmehr in Sicherungsverwahrung gelangte, nahm der Druck auf die Justizverwaltung, die langdauernde Isolationshaft auf absehbare Zeit zu beenden, zu. Schon vor wenigen Jahren, Anfang 2011, hatte die <a href=\"http:\/\/www.taz.de\/!66422\/\" target=\"_blank\">taz<\/a> die damals 15 Jahre dauernde Isolation seines Kompagnons G\u00fcnter Finneisen zum Anlass f\u00fcr einen gro\u00dfen Artikel genommen, in dessen Folge die nieders\u00e4chsische Justiz bei G\u00fcnter die Isolation aufhob und ihn in den Normalvollzug verlegen musste.<\/p>\n<p>Bei Peter sollte es noch bis zum 20. Juni 2013 dauern. An diesem Tag wurde er von der JVA Sehnde in die <a href=\"http:\/\/www.justizvollzugsanstalt-rosdorf.niedersachsen.de\/\" target=\"_blank\">JVA Rosdorf<\/a> verlegt, da dort zentral die nieders\u00e4chsischen Sicherungsverwahrten untergebracht sind. Zwar brachte man ihn in einem \u201ebesonders gesicherten Bereich\u201c unter, jedoch hat er nun endlich uneingeschr\u00e4nkt Kontakt zu Mitverwahrten, einen TV mit Computer in der Zelle, dazu ein Telefon. Er darf Bargeld besitzen und im von REWE betriebenen Gef\u00e4ngnissupermarkt einkaufen.<\/p>\n<p>Im ersten Augenblick f\u00fchlte er sich, als w\u00e4re er \u201eim Hotel Waldorf Astoria\u201c angekommen, denn nach 18 Jahren k\u00e4rglichstem Leben in Isolationstrakten, erschien es ihm fast wie in einem M\u00e4rchen, wie er berichtet, war es ein \u201eKulturschock\u201c f\u00fcr ihn.<\/p>\n<p>Schon 2010, in Folge des oben erw\u00e4hnten taz-Artikels, hatte die renommierte Kriminologin Prof. Frommel die langdauernde Isolation schlicht als Folter bezeichnet.<\/p>\n<p><em>Ausblick f\u00fcr Peter<\/em><\/p>\n<p>Ob Peter mittelfristig dann aus der Haft entlassen wird, bleibt abzuwarten, zumindest sind nun die Aussichten f\u00fcr ihn jetzt wesentlich besser als noch vor wenigen Wochen.<\/p>\n<p>Wer sich \u00fcber die Biografie von Peter Wegener n\u00e4her informieren m\u00f6chte, unter seinem fr\u00fcheren Namen Str\u00fcdinger gibt es auf <a href=\"http:\/\/de.wikipedia.org\/wiki\/Peter_Str%C3%BCdinger\" target=\"_blank\">wikipedia einen Eintrag.<\/a><\/p>\n<p><em>Thomas Meyer-Falk<\/em><br \/>\n<em> c\/o JVA \u2013 Z. 3113<\/em><br \/>\n<em> Sch\u00f6nbornstr. 32<\/em><br \/>\n<em> D-76646 Bruchsal<\/em><\/p>\n<p><em><a href=\"http:\/\/www.freedom-for-thomas.de\" target=\"blank\">www.freedom-for-thomas.de<\/a><\/em><br \/>\n<em> <a href=\"http:\/\/www.freedomforthomas.wordpress.com\" target=\"blank\">www.freedomforthomas.wordpress.com <\/a> <\/em><\/p>\n","protected":false},"excerpt":{"rendered":"<p>Seit nunmehr 18 Jahren sa\u00df Peter Wegener in Isolationshaft. Jetzt wurde sie aufgehoben. Zur Vorgeschichte Es war im Fr\u00fchsommer 1995, als Peter und G\u00fcnter Finneisen in der JVA Celle sich entschlossen angesichts der ungewissen Aussichten, einen Beamten als Geisel&#46;&#46;&#46;<\/p>\n","protected":false},"author":3,"featured_media":0,"comment_status":"closed","ping_status":"open","sticky":false,"template":"","format":"standard","meta":{"_links_to":"","_links_to_target":""},"categories":[36,9],"tags":[116,464,463,14,106],"_links":{"self":[{"href":"https:\/\/www.abc-berlin.net\/2008\/wp-json\/wp\/v2\/posts\/9105"}],"collection":[{"href":"https:\/\/www.abc-berlin.net\/2008\/wp-json\/wp\/v2\/posts"}],"about":[{"href":"https:\/\/www.abc-berlin.net\/2008\/wp-json\/wp\/v2\/types\/post"}],"author":[{"embeddable":true,"href":"https:\/\/www.abc-berlin.net\/2008\/wp-json\/wp\/v2\/users\/3"}],"replies":[{"embeddable":true,"href":"https:\/\/www.abc-berlin.net\/2008\/wp-json\/wp\/v2\/comments?post=9105"}],"version-history":[{"count":3,"href":"https:\/\/www.abc-berlin.net\/2008\/wp-json\/wp\/v2\/posts\/9105\/revisions"}],"predecessor-version":[{"id":9188,"href":"https:\/\/www.abc-berlin.net\/2008\/wp-json\/wp\/v2\/posts\/9105\/revisions\/9188"}],"wp:attachment":[{"href":"https:\/\/www.abc-berlin.net\/2008\/wp-json\/wp\/v2\/media?parent=9105"}],"wp:term":[{"taxonomy":"category","embeddable":true,"href":"https:\/\/www.abc-berlin.net\/2008\/wp-json\/wp\/v2\/categories?post=9105"},{"taxonomy":"post_tag","embeddable":true,"href":"https:\/\/www.abc-berlin.net\/2008\/wp-json\/wp\/v2\/tags?post=9105"}],"curies":[{"name":"wp","href":"https:\/\/api.w.org\/{rel}","templated":true}]}}