{"id":9172,"date":"2013-07-09T00:07:32","date_gmt":"2013-07-08T23:07:32","guid":{"rendered":"http:\/\/www.abc-berlin.net\/?p=9172"},"modified":"2014-08-19T19:38:13","modified_gmt":"2014-08-19T18:38:13","slug":"interview-anarchists-in-the-turkish-uprising","status":"publish","type":"post","link":"https:\/\/www.abc-berlin.net\/2008\/interview-anarchists-in-the-turkish-uprising","title":{"rendered":"Interview: Anarchists in the Turkish Uprising"},"content":{"rendered":"<p><em><a href=\"http:\/\/www.abc-berlin.net\/wp-content\/uploads\/2013\/07\/Proteste-in-Istanbul.jpg\" rel=\"lightbox[9172]\"><img loading=\"lazy\" class=\"alignright\" alt=\"Proteste in Istanbul\" src=\"http:\/\/www.abc-berlin.net\/wp-content\/uploads\/2013\/07\/Proteste-in-Istanbul-250x167.jpg\" width=\"200\" height=\"134\" \/><\/a>\u00fcbernommen von lesci.blogsport.eu<\/em><\/p>\n<p>In der autonomen Revolte, ohne Anf\u00fchrer, ist es Aufgabe der organisierten Individuen, die Verbreitung von Erfahrung und Taktiken voranzubringen. Es ist wichtig, dass diese Individuen bereits Erfahrung im Stra\u00dfenkampf haben. Barrikadenbau, ErsteHilfe, Kochen usw. in selbstorganisierter Form entsteht nicht aus dem Nichts. Informationen m\u00fcssen strukturiert und Anleitung effektiv verbreitet werden. Soziale Medien sind sowohl zur Diskussion der n\u00e4chsten Schritte, als auch zum Aufbau von Solidarit\u00e4t, und dem Verbreiten von Taktiken geeignete Mittel. <!--more-->Der Umgang mit diesen Medien hinsichtlich repressiver Angriffe sollte breiter diskutiert werden, anstatt diese Techniken zu verdammen. Bestimmte Taktiken und Methoden lassen sich jedoch besser mittels gedruckter Manuals verbreiten, da diese in jede Hosentasche passen oder, an W\u00e4nde geklebt, auch auf den Stra\u00dfen verf\u00fcgbar sind.<\/p>\n<blockquote><p>Although there is no political organization directing people, there are anarchists, leftists, and other people who were already organized. It is important to have experience in clashes; individuals from these political groups talk with the others about how to act in the streets, and everybody decides what to do.<\/p><\/blockquote>\n<p>Der \u201cEinfluss\u201d radikaler Positionen \/ Individuen in der Situation wird auch bestimmt, durch die vorhergegangene sichtbare Solidarit\u00e4t mit anderen aufst\u00e4ndischen Erhebungen. Der Lernprozess, welcher in der Auseinandersetzung mit diesen weltweiten Erhebungen enthalten ist, sollte nicht untersch\u00e4tzt werden.<\/p>\n<p>In Massenprotesten treten vermehrt reformistische Str\u00f6mungen auf, oder solche, denen es um einen machtpolitischen Kampf mit dem herrschenden Apparat geht. Solange die Forderungen der Bewegung derart gestaltet sind, dass sie auch durch eine (neue) Regierung nicht erf\u00fcllt werden k\u00f6nnen, die Forderungen also im wesentlichen an die Bewegung selbst gerichtet bleiben, ist die Gefahr der Vereinnahmung so erst einmal nicht gegeben. Auch einer medialen \u201cEntpolitisierung\u201d kann so vorgebeugt werden.<\/p>\n<p>Die leidige Diskussion um die Legitimit\u00e4t von (revolution\u00e4rer) Gewalt &amp; Selbstverteidigung kl\u00e4rt sich manchmal sehr einfach von alleine durch den Polizeikn\u00fcppel (wenn Mensch eben diesen doch mal selbst abbekommt). Die taktische Frage von Einsatz der Mittel und M\u00f6glichkeiten ist hier nicht gemeint, sondern die ideologisch verbohrte Keine-Gewalt-Haltung.<\/p>\n<p>Der Staat \/ die Ordnung wird die Revolte immer zum Anlass nehmen, jegliche soziale und politisch Opposition oder Bewegung massiv anzugreifen. Darauf sollten sich diese gut vorbereiten.<\/p>\n<blockquote><p><strong>How will this change the future of social struggles in Turkey?<\/strong><\/p>\n<p>This depends on the organized groups, I think. Because, to resist, it is important not just to continue the actions, but to think collectively, act collectively, and shape our lives collectively. The experiences we got from this rebellion will help in the next struggles, like in Greece in 2008 and 2010.<\/p>\n<p>After the state\u2019s loss of legitimacy, if this is combined with anger against the capitalist process and resistance against social repression, and if this makes people self-organize the whole of life, then we are not afraid to talk about social revolution. But it is too early. These are the first steps for the social revolution in the future.<\/p><\/blockquote>\n<p>Originalinterview \u201cAnarchists in the Turkish\u00a0Uprising\u201d via <a title=\"Interview: Anarchists in the Turkish Uprising\" href=\"https:\/\/tahriricn.wordpress.com\/2013\/07\/06\/turkey-interview-anarchists-in-the-turkish-uprising\/\" target=\"_blank\">TAHRIR-ICN<\/a><\/p>\n","protected":false},"excerpt":{"rendered":"<p>\u00fcbernommen von lesci.blogsport.eu In der autonomen Revolte, ohne Anf\u00fchrer, ist es Aufgabe der organisierten Individuen, die Verbreitung von Erfahrung und Taktiken voranzubringen. Es ist wichtig, dass diese Individuen bereits Erfahrung im Stra\u00dfenkampf haben. Barrikadenbau, ErsteHilfe, Kochen usw. in selbstorganisierter&#46;&#46;&#46;<\/p>\n","protected":false},"author":3,"featured_media":0,"comment_status":"closed","ping_status":"open","sticky":false,"template":"","format":"standard","meta":{"_links_to":"","_links_to_target":""},"categories":[1,20,297,298],"tags":[263,75,154,592,153,469,595,470],"_links":{"self":[{"href":"https:\/\/www.abc-berlin.net\/2008\/wp-json\/wp\/v2\/posts\/9172"}],"collection":[{"href":"https:\/\/www.abc-berlin.net\/2008\/wp-json\/wp\/v2\/posts"}],"about":[{"href":"https:\/\/www.abc-berlin.net\/2008\/wp-json\/wp\/v2\/types\/post"}],"author":[{"embeddable":true,"href":"https:\/\/www.abc-berlin.net\/2008\/wp-json\/wp\/v2\/users\/3"}],"replies":[{"embeddable":true,"href":"https:\/\/www.abc-berlin.net\/2008\/wp-json\/wp\/v2\/comments?post=9172"}],"version-history":[{"count":7,"href":"https:\/\/www.abc-berlin.net\/2008\/wp-json\/wp\/v2\/posts\/9172\/revisions"}],"predecessor-version":[{"id":9980,"href":"https:\/\/www.abc-berlin.net\/2008\/wp-json\/wp\/v2\/posts\/9172\/revisions\/9980"}],"wp:attachment":[{"href":"https:\/\/www.abc-berlin.net\/2008\/wp-json\/wp\/v2\/media?parent=9172"}],"wp:term":[{"taxonomy":"category","embeddable":true,"href":"https:\/\/www.abc-berlin.net\/2008\/wp-json\/wp\/v2\/categories?post=9172"},{"taxonomy":"post_tag","embeddable":true,"href":"https:\/\/www.abc-berlin.net\/2008\/wp-json\/wp\/v2\/tags?post=9172"}],"curies":[{"name":"wp","href":"https:\/\/api.w.org\/{rel}","templated":true}]}}