{"id":9187,"date":"2013-07-09T13:58:14","date_gmt":"2013-07-09T12:58:14","guid":{"rendered":"http:\/\/www.abc-berlin.net\/?p=9187"},"modified":"2013-07-09T13:58:14","modified_gmt":"2013-07-09T12:58:14","slug":"thomas-meyer-falk-in-sv-angekommen","status":"publish","type":"post","link":"https:\/\/www.abc-berlin.net\/2008\/thomas-meyer-falk-in-sv-angekommen","title":{"rendered":"Thomas Meyer-Falk in SV \u201eangekommen\u201c"},"content":{"rendered":"<p><a href=\"http:\/\/www.abc-berlin.net\/wp-content\/uploads\/2009\/06\/faust-durchs-gitter.jpg\" rel=\"lightbox[9187]\"><img loading=\"lazy\" class=\"alignleft\" title=\"faust-durchs-gitter\" alt=\"faust-durchs-gitter\" src=\"http:\/\/www.abc-berlin.net\/wp-content\/uploads\/2009\/06\/faust-durchs-gitter.jpg\" width=\"115\" height=\"120\" \/><\/a>Nachdem ich nun seit 1998 in der JVA Bruchsal einsa\u00df, wurde ich am 08. Juli 2013 in die JVA Freiburg verlegt, um dort die Sicherungsverwahrung zu verb\u00fc\u00dfen.<\/p>\n<p><em>Sicherungsverwahrung in Freiburg<\/em><\/p>\n<p>Ob es schwarzer Humor des Anstaltsleiters der JVA Freiburg, Thomas R\u00f6sch ist, dass der Aufmacher der <a href=\"http:\/\/www.jva-freiburg.de\/\" target=\"_blank\">Internetseite<\/a> ein Zitat von Leo Tolstoi (\u201eUm einen Staat zu beurteilen, muss man seine Gef\u00e4ngnisse von innen sehen\u201c) ist, nur um dann wenige Abs\u00e4tze weiter auch noch Immanuel Kant (\u201eWas kann ich wissen? Was kann ich tun? Was darf ich hoffen?\u201c) zu bem\u00fchen, wer kann das schon wissen!? <!--more-->Jedenfalls war es der <a href=\"http:\/\/www.coe.int\/t\/d\/menschenrechtsgerichtshof\/\" target=\"_blank\">Europ\u00e4ische Gerichtshof f\u00fcr Menschenrechte<\/a>, der am 13.01.2011 feststellte, dass auch die Haftbedingungen in der SV-Abteilung der JVA Freiburg inakzeptabel seien (Aktenzeichen: 27360\/04 und 42225\/07).<br \/>\nDer profunde Kenner der Verh\u00e4ltnisse in der Haftanstalt, der ehemalige Sozialarbeiter der JVA, Peter Asprion und heute als Bew\u00e4hrungshelfer t\u00e4tig, kam am 18. M\u00e4rz 2013 in einer ARD-Dokumentation unter dem Titel \u201eKnast auf ewig?\u201c zu Wort. Dort stellte er n\u00fcchtern fest, dass alle Urteile aus Strasbourg und Karlsruhe (dort brandmarkte am 04. Mai 2011 das Bundesverfassungsgericht die Haftbedingungen in der Sicherungsverwahrung), wie auch die nun neu beschlossenen Gesetze nichts substantielles \u00e4ndern werden.<\/p>\n<p>Ob dem so ist oder nicht, dar\u00fcber werde ich dann k\u00fcnftig aus der JVA Freiburg berichten k\u00f6nnen.<\/p>\n<p><em>Wunsch nach Unterst\u00fctzung<\/em><\/p>\n<p>Auf diesem Weg m\u00f6chte ich heute auch um etwas finanzielle Unterst\u00fctzung bitten. In der SV d\u00fcrfen sich die Verwahrten auf Wunsch selbst ern\u00e4hren; daf\u00fcr zahlt die Anstalt dann t\u00e4glich einen Betrag von circa 2,40 Euro aus. Ein aus Sicht der Verwahrten eher bescheidener Betrag (um das Wort sch\u00e4big zu vermeiden), wobei pikant ist, dass dieser Betrag unter einer GR\u00dcN\/Roten-Landesregierung festgesetzt wurde, w\u00e4hrend in Niedersachsen, noch zu Zeiten der CDU-Regierung, man den Verwahrten einen dreimal so hohen Betrag im Gesetz zugestand (vgl. Nieders\u00e4chsischer Landtag, Drucksache 16\/4873, dort Seite 71, wonach der t\u00e4gliche Betrag f\u00fcr die Verpflegung 7,20 Euro sei).<\/p>\n<p>Hier w\u00e4re ich also wirklich sehr erfreut und dankbar, wenn sich Menschen bereit erkl\u00e4ren, z.B. per Dauerauftrag (z.B. 5 Euro oder 10 Euro im Monat) etwas zu \u00fcberweisen. Das Konto der Haftanstalt lautet wie folgt:<\/p>\n<p>Empf\u00e4nger: Zentrale Zahlstelle Justizvollzug<br \/>\nKonto: 4552107<br \/>\nBLZ: 600 501 01 (BW-Bank)<br \/>\nIBAN: DE25600501010004552107<br \/>\nBIC-\/SWIFT-Code: SOLADEST600<br \/>\nVerwendungszweck: \u201eMeyer-Falk, Thomas, 15.5.1971, SG1-AK10\u201c<br \/>\n(der Verwendungszweck ist wichtig, da der Knast sonst Gelder nicht zuordnen kann, wie auch der Zusatz \u201eAK10\u201c, da das die Kennung der Freiburger JVA ist.)<\/p>\n<p><em>Meine neue Postanschrift lautet zudem ab sofort:<\/em><\/p>\n<p>Thomas Meyer-Falk<br \/>\nc\/o JVA (Sicherungsverwahrung)<br \/>\nHermann-Herder-Str. 8<br \/>\nD-79104 Freiburg<\/p>\n<p>Ich danke allen LeserInnen und Unterst\u00fctzerInnen f\u00fcr die Begleitung \u00fcber nun schon so viele Jahre und w\u00fcnsche mir sehr, auch k\u00fcnftig auf offene Ohren und Herzen f\u00fcr die Belange gefangener Menschen zu sto\u00dfen!<\/p>\n<p><em><\/em><em>Thomas Meyer-Falk<br \/>\nc\/o JVA (Sicherungsverwahrung)<br \/>\nHermann-Herder-Str. 8<br \/>\nD-79104 Freiburg<\/em><\/p>\n<p><em><a href=\"http:\/\/www.freedom-for-thomas.de\" target=\"blank\">www.freedom-for-thomas.de<\/a><\/em><br \/>\n<em> <a href=\"http:\/\/www.freedomforthomas.wordpress.com\" target=\"blank\">www.freedomforthomas.wordpress.com <\/a> <\/em><\/p>\n","protected":false},"excerpt":{"rendered":"<p>Nachdem ich nun seit 1998 in der JVA Bruchsal einsa\u00df, wurde ich am 08. Juli 2013 in die JVA Freiburg verlegt, um dort die Sicherungsverwahrung zu verb\u00fc\u00dfen. Sicherungsverwahrung in Freiburg Ob es schwarzer Humor des Anstaltsleiters der JVA Freiburg,&#46;&#46;&#46;<\/p>\n","protected":false},"author":3,"featured_media":0,"comment_status":"closed","ping_status":"open","sticky":false,"template":"","format":"standard","meta":{"_links_to":"","_links_to_target":""},"categories":[36,9],"tags":[52,393,58,14],"_links":{"self":[{"href":"https:\/\/www.abc-berlin.net\/2008\/wp-json\/wp\/v2\/posts\/9187"}],"collection":[{"href":"https:\/\/www.abc-berlin.net\/2008\/wp-json\/wp\/v2\/posts"}],"about":[{"href":"https:\/\/www.abc-berlin.net\/2008\/wp-json\/wp\/v2\/types\/post"}],"author":[{"embeddable":true,"href":"https:\/\/www.abc-berlin.net\/2008\/wp-json\/wp\/v2\/users\/3"}],"replies":[{"embeddable":true,"href":"https:\/\/www.abc-berlin.net\/2008\/wp-json\/wp\/v2\/comments?post=9187"}],"version-history":[{"count":2,"href":"https:\/\/www.abc-berlin.net\/2008\/wp-json\/wp\/v2\/posts\/9187\/revisions"}],"predecessor-version":[{"id":9190,"href":"https:\/\/www.abc-berlin.net\/2008\/wp-json\/wp\/v2\/posts\/9187\/revisions\/9190"}],"wp:attachment":[{"href":"https:\/\/www.abc-berlin.net\/2008\/wp-json\/wp\/v2\/media?parent=9187"}],"wp:term":[{"taxonomy":"category","embeddable":true,"href":"https:\/\/www.abc-berlin.net\/2008\/wp-json\/wp\/v2\/categories?post=9187"},{"taxonomy":"post_tag","embeddable":true,"href":"https:\/\/www.abc-berlin.net\/2008\/wp-json\/wp\/v2\/tags?post=9187"}],"curies":[{"name":"wp","href":"https:\/\/api.w.org\/{rel}","templated":true}]}}