{"id":9291,"date":"2013-08-10T21:02:45","date_gmt":"2013-08-10T20:02:45","guid":{"rendered":"http:\/\/www.abc-berlin.net\/?p=9291"},"modified":"2013-08-10T21:02:45","modified_gmt":"2013-08-10T20:02:45","slug":"zeugenaussagen-mit-erinnerungslucken-und-widerspruchen-bericht-zum-prozesstag-gegen-sonja-suder-am-9-8-2013","status":"publish","type":"post","link":"https:\/\/www.abc-berlin.net\/2008\/zeugenaussagen-mit-erinnerungslucken-und-widerspruchen-bericht-zum-prozesstag-gegen-sonja-suder-am-9-8-2013","title":{"rendered":"Zeugenaussagen mit Erinnerungsl\u00fccken und Widerspr\u00fcchen: Bericht zum Prozesstag gegen Sonja Suder am 9.8.2013"},"content":{"rendered":"<p><em><a href=\"http:\/\/www.abc-berlin.net\/wp-content\/uploads\/2012\/11\/Protest-beim7.-Prozesstag-gegen-Sonja-und-Christian.png\" rel=\"lightbox[9291]\"><img loading=\"lazy\" class=\"alignright\" title=\"Beim Prozesstag am 2.11.2012 protestierten Besucher*innen gegen die Verlesung von Dokumenten ehemaliger Richter \u00fcber die Behandlung und Verh\u00f6rsituation von Herrmann Feiling. Die offenkundige Misshandlung des schwerletzten Hermann Feiling wird darin verharmlost und gerechtfertigt. Mit Transparenten im Gerichtssaal und drau\u00dfen wurde auf die Komplizenschaft des Gerichts mit Folterpraktiken hingewiesen.\" alt=\"\" src=\"http:\/\/www.abc-berlin.net\/wp-content\/uploads\/2012\/11\/Protest-beim7.-Prozesstag-gegen-Sonja-und-Christian-250x187.png\" width=\"175\" height=\"131\" \/><\/a>Von der <a href=\"http:\/\/www.verdammtlangquer.org\/\" target=\"_blank\">Soliwebseite<\/a> f\u00fcr <a href=\"http:\/\/www.abc-berlin.net\/tag\/sonja-suder\" target=\"_blank\">Sonja Suder<\/a> und <a href=\"http:\/\/www.abc-berlin.net\/tag\/christian-gauger\" target=\"_blank\">Christian Gauger<\/a> \u00fcbernehmen wir den Bericht vom Prozesstag am 9. August. Die <a href=\"http:\/\/www.verdammtlangquer.org\/2012\/09\/samtliche-prozesstermine-bis-november\/\" target=\"_blank\">weiteren Prozesstermine<\/a> sind auf der Soliseite einsehbar.<\/em><\/p>\n<p>Zu Beginn des heutigen Verhandlungstags widersprach die Verteidigung der Vernehmung der Zeugen Carmen und Peter H. mit dem Einwand, die Zeugen wurden damals observiert, ihre Wohnung durchsucht und sie selbst als Beschuldigte vernommen. Doch das Gericht wies nach einer Pause von zwanzig Minuten den Antrag zur\u00fcck.<!--more--><\/p>\n<p>Carmen H. und Sonja waren befreundet, hatten gemeinsame Freizeitaktivit\u00e4ten und besuchten sich gegenseitig oder k\u00fcmmerten sich in der Urlaubszeit um die Katzen der anderen. Man konnte sich auf die gegenseitige Hilfsbereitschaft verlassen. Die Richterin Stock hatte viele Fragen, doch die Zeugin konnte sich an Details aus Sonjas Leben nicht mehr erinnern. Eine dieser Erinnerungsl\u00fccken kommentierte die Richterin mit dem Einwand, das m\u00fcsse man doch wissen, ob man in einer bestimmten Situation jemandem Beistand geleistet habe.<\/p>\n<p>Dann wurde nach Spitznamen f\u00fcr Sonja gefragt, doch die Zeugen kannten keinen. Auch die Namen Sybille S., Hermann F., Rudolf S. oder Hans-Joachim K. sagten ihnen damals nichts. Au\u00dfer Sonja und Christian erkannte der Zeuge Peter H. niemanden aus der umfangreichen Bildmappe.<br \/>\nFragen gabs auch zur H\u00fctte im Aostatal. Nachdem Sonja und Christian ab August 1978 verschwunden waren, \u00fcbernahm die Familie H. ihre gemietete H\u00fctte. Und weil diese H\u00fctte seit jeher von mehreren Parteien genutzt wurde, lag der Schl\u00fcssel immer am gleichen Platz in einem Loch der Fensterbank unter einem Kuhhorn versteckt. Nach mehreren H\u00fcttenbesuchen entdeckten Carmen und Peter H. erst im Sommer 1979 im Bettkasten einer Klappcouch ein Gewehr und Z\u00fcndschn\u00fcre unter einer roten Decke. Beide vermuteten eine Falle.<\/p>\n<p>Laut Carmen H. war die H\u00fctte bereits von der Polizei durchsucht worden, w\u00e4hrend Peter H. die Durchsuchung erst nach dem Waffenfund einordnet. Von den Fundsachen fertigte der Zeuge damals Bilder an und schickte diese gleich dem LKA nach Wiesbaden. Erst nach einem halben Jahr zeigte das LKA Interesse. Heute wurde der Zeuge in dieser Sache mit einer Bildmappe des Kriminalamtes von 1981 konfrontiert und musste feststellen, dass \u00fcber seine Bilddokumentation hinaus und f\u00fcr ihn unerkl\u00e4rlich noch weitere Waffenteile aufgef\u00fchrt werden.<\/p>\n<p>Im Zusammenhang mit der roten Decke befragte die Staatsanwaltschaft die Zeugen nach dem Auto Sonjas. Doch beide Zeugen konnten sich an keinen 2CV erinnern, obwohl sie selbst in jener Zeit eine solche Ente gefahren haben.<br \/>\nEinmal soll die Decke zuvor in Sonjas Auto gewesen sein, doch an diese Aussage konnte sich die Zeugin Carmen H. nicht erinnern. Und nach Peter H. wars noch mal anders: Die Polizei habe eine H\u00e4lfte der Decke nach dem Waffenfund in einem Auto gefunden. Kurzum: Es gibt vielerlei Erinnerungsfragmente, aber wenig Klarheit.<\/p>\n<p>Am kommenden Dienstag werden Beweisantr\u00e4ge zu Hermann F. verhandelt, w\u00e4hrend am Freitag das Gericht einen franz\u00f6sischen Polizeibeamten vernehmen will.<\/p>\n","protected":false},"excerpt":{"rendered":"<p>Von der Soliwebseite f\u00fcr Sonja Suder und Christian Gauger \u00fcbernehmen wir den Bericht vom Prozesstag am 9. August. Die weiteren Prozesstermine sind auf der Soliseite einsehbar. Zu Beginn des heutigen Verhandlungstags widersprach die Verteidigung der Vernehmung der Zeugen Carmen&#46;&#46;&#46;<\/p>\n","protected":false},"author":3,"featured_media":0,"comment_status":"closed","ping_status":"open","sticky":false,"template":"","format":"standard","meta":{"_links_to":"","_links_to_target":""},"categories":[36,9,19],"tags":[87,704,335,338],"_links":{"self":[{"href":"https:\/\/www.abc-berlin.net\/2008\/wp-json\/wp\/v2\/posts\/9291"}],"collection":[{"href":"https:\/\/www.abc-berlin.net\/2008\/wp-json\/wp\/v2\/posts"}],"about":[{"href":"https:\/\/www.abc-berlin.net\/2008\/wp-json\/wp\/v2\/types\/post"}],"author":[{"embeddable":true,"href":"https:\/\/www.abc-berlin.net\/2008\/wp-json\/wp\/v2\/users\/3"}],"replies":[{"embeddable":true,"href":"https:\/\/www.abc-berlin.net\/2008\/wp-json\/wp\/v2\/comments?post=9291"}],"version-history":[{"count":2,"href":"https:\/\/www.abc-berlin.net\/2008\/wp-json\/wp\/v2\/posts\/9291\/revisions"}],"predecessor-version":[{"id":9294,"href":"https:\/\/www.abc-berlin.net\/2008\/wp-json\/wp\/v2\/posts\/9291\/revisions\/9294"}],"wp:attachment":[{"href":"https:\/\/www.abc-berlin.net\/2008\/wp-json\/wp\/v2\/media?parent=9291"}],"wp:term":[{"taxonomy":"category","embeddable":true,"href":"https:\/\/www.abc-berlin.net\/2008\/wp-json\/wp\/v2\/categories?post=9291"},{"taxonomy":"post_tag","embeddable":true,"href":"https:\/\/www.abc-berlin.net\/2008\/wp-json\/wp\/v2\/tags?post=9291"}],"curies":[{"name":"wp","href":"https:\/\/api.w.org\/{rel}","templated":true}]}}