{"id":9401,"date":"2013-09-25T20:48:07","date_gmt":"2013-09-25T19:48:07","guid":{"rendered":"http:\/\/www.abc-berlin.net\/?p=9401"},"modified":"2014-12-19T20:06:49","modified_gmt":"2014-12-19T19:06:49","slug":"berlin-demonstration-am-27-september-in-solidaritaet-mit-den-antifaschistischen-kaempfen-in-griechenland","status":"publish","type":"post","link":"https:\/\/www.abc-berlin.net\/2008\/berlin-demonstration-am-27-september-in-solidaritaet-mit-den-antifaschistischen-kaempfen-in-griechenland","title":{"rendered":"Berlin: Demonstration am 27. September in Solidarit\u00e4t mit den antifaschistischen K\u00e4mpfen in Griechenland"},"content":{"rendered":"<p style=\"text-align: center;\"><a href=\"http:\/\/www.abc-berlin.net\/wp-content\/uploads\/2013\/09\/Antifademo_berlin_27.9.13.jpg\" rel=\"lightbox[9401]\"><img loading=\"lazy\" class=\"alignright  wp-image-9402\" title=\"Berlin: Demonstration am 27. September in Solidarit\u00e4t mit den antifaschistischen K\u00e4mpfen in Griechenland\" src=\"http:\/\/www.abc-berlin.net\/wp-content\/uploads\/2013\/09\/Antifademo_berlin_27.9.13-176x250.jpg\" alt=\"Berlin: Demonstration am 27. September in Solidarit\u00e4t mit den antifaschistischen K\u00e4mpfen in Griechenland\" width=\"123\" height=\"175\" srcset=\"https:\/\/www.abc-berlin.net\/2008\/wp-content\/uploads\/2013\/09\/Antifademo_berlin_27.9.13-176x250.jpg 176w, https:\/\/www.abc-berlin.net\/2008\/wp-content\/uploads\/2013\/09\/Antifademo_berlin_27.9.13-424x600.jpg 424w, https:\/\/www.abc-berlin.net\/2008\/wp-content\/uploads\/2013\/09\/Antifademo_berlin_27.9.13.jpg 591w\" sizes=\"(max-width: 123px) 100vw, 123px\" \/><\/a><strong>27. September &#8211; 18:30 Uhr &#8211; Heinrichplatz &#8211; Berlin-X&#8217;berg<\/strong><\/p>\n<p><span class=\"dropcap\">E<\/span>ine m\u00f6rderische Saat, die jahrelang vom Staat und von den Massenmedien gestreut wurde, tr\u00e4gt immer offensichtlicher ihre t\u00f6dlichen Fr\u00fcchte in Griechenland. Seit Jahren steigt die Zahl rassistischer \u00dcbergriffe, ausgef\u00fchrt von den Schl\u00e4gertruppen der faschistischen Partei \u201eChrysi Avgi (\u201eGoldene Morgenr\u00f6te\u201c) und deren SympathisantInnen.<br \/>\nSeit 2012 im Parlament vertreten, geduldet und unterst\u00fctzt von den griechischen Polizeieinheiten, schaffen sie ein Bedrohungsszenario, dem tagt\u00e4glich MigrantInnen, Andersdenkende und Anderslebende ausgesetzt sind.<\/p>\n<p>Uns erinnert die Situation oft an ostdeutsche St\u00e4dte kurz nach dem Mauerfall, wo No-Go-Areas entstanden und zum Teil bis heute bestehen. Die Angst und der Hass gegen das Fremde begegnet uns auch aktuell, schauen wir nach Berlin-Hellersdorf, nach Rackwitz in Sachsen etc. Eben da, wo Menschen aus Kriegsl\u00e4ndern, aus L\u00e4ndern, in denen sie keine Perspektive aufbauen k\u00f6nnen, \u201edank\u201c der deutschen, rassistischen Asylpolitik in Heimen und Lagern untergebracht werden.Diese menschenunw\u00fcrdigen Lager kennen wir auch aus Griechenland.<br \/>\nEs sind die Papierlosen, die Gefl\u00fcchteten, die, egal ob in Deutschland oder Griechenland, die von Statt vermittelt bekommen, sie w\u00fcrden auf der untersten Stufe der Treppe der Gesellschaft stehen. Die repressiven Auflagen seitens des Staates, die Unsicherheit die er verbreitet und die pogromartige Stimmung auf den Stra\u00dfen l\u00e4sst einen in die H\u00f6lle zur\u00fcck kehren, aus der man doch gerade erst floh.<\/p>\n<p>Uns erinnert die Rolle der Polizei in Griechenland, an die der Polizei hierzulande. Faschisten k\u00f6nnen jahrelang morden, werden \u00fcber polizeiliche Kan\u00e4le \u00fcber Repressalien informiert und k\u00f6nnen ihre Einflussnahme ausbauen und festigen. Der NSU konnte allein durch die Verstrickung des Verfassungsschutzes seine m\u00f6rderischen Aktivit\u00e4ten ausleben.<br \/>\nChrysi Avgi wurde Recherchen zu Folge von rund 50% der jungen griechischen PolizistInnen gew\u00e4hlt, MitgliederInnen der Partei lassen sich in den Posten der Polizeistationen finden und nicht selten fallen die Spezialeinheiten DELTA und DIAS durch ihre brutale und rassistische Handhabe mit vermeintlichen Papierlosen auf.<br \/>\nGedeckt werden die \u00dcbergriffe durch die Massenmedien, welche die Mordserie des NSU als \u201eD\u00f6nermorde\u201c, oder die, wie in Griechenland, den Mord an Pavlos Fysass als Streit unter Fu\u00dfballfans bezeichnen und abtun.<\/p>\n<p>Parallelen finden sich viele. Faschisten, egal in welchem Land sind die Schergen eines Staates, der sie erst dann aus dem Rennen nimmt, wenn ihre Angriffe f\u00fcr eine \u00d6ffentlichkeit aus dem Ruder laufen.<\/p>\n<p>Gr\u00fcnde w\u00fctend zu sein gibt es gen\u00fcgend, aber auch gen\u00fcgend um traurig zu sein.<br \/>\nMit der Demonstration am Freitag wollen wir ein dynamisches Zeichen setzen und Solidarit\u00e4t nicht nur ein Wort bleiben lassen.<\/p>\n<p>Lasst uns die Trauer in Wut und die Wut in Widerstand wandeln!<br \/>\nDer Tod Pavlos` ist ein weiterer schmerzhafter H\u00f6hepunkt, doch vergessen wir nicht all die Anderen, die aufgrund ihrer Hautfarbe oder ihres Passes t\u00e4glich Schikanen und \u00dcbergriffen ausgeliefert sind.<\/p>\n<p><strong>Faschisten und Staat angreifen! \u00dcberall!<\/strong><\/p>\n<p><em>weitere Infos: <a href=\"https:\/\/linksunten.indymedia.org\/de\/node\/96030\" target=\"_blank\">linksunten.indymedia.org<\/a><\/em><\/p>\n","protected":false},"excerpt":{"rendered":"<p>Eine m\u00f6rderische Saat, die jahrelang vom Staat und von den Massenmedien gestreut wurde, tr\u00e4gt immer offensichtlicher ihre t\u00f6dlichen Fr\u00fcchte in Griechenland. Seit Jahren steigt die Zahl rassistischer \u00dcbergriffe, ausgef\u00fchrt von den Schl\u00e4gertruppen der faschistischen Partei \u201eChrysi Avgi (\u201eGoldene Morgenr\u00f6te\u201c) und deren SympathisantInnen.<\/p>\n","protected":false},"author":3,"featured_media":9402,"comment_status":"closed","ping_status":"open","sticky":false,"template":"","format":"standard","meta":{"_links_to":"","_links_to_target":""},"categories":[2,8,297,10],"tags":[125,701,44,605,703],"_links":{"self":[{"href":"https:\/\/www.abc-berlin.net\/2008\/wp-json\/wp\/v2\/posts\/9401"}],"collection":[{"href":"https:\/\/www.abc-berlin.net\/2008\/wp-json\/wp\/v2\/posts"}],"about":[{"href":"https:\/\/www.abc-berlin.net\/2008\/wp-json\/wp\/v2\/types\/post"}],"author":[{"embeddable":true,"href":"https:\/\/www.abc-berlin.net\/2008\/wp-json\/wp\/v2\/users\/3"}],"replies":[{"embeddable":true,"href":"https:\/\/www.abc-berlin.net\/2008\/wp-json\/wp\/v2\/comments?post=9401"}],"version-history":[{"count":4,"href":"https:\/\/www.abc-berlin.net\/2008\/wp-json\/wp\/v2\/posts\/9401\/revisions"}],"predecessor-version":[{"id":10268,"href":"https:\/\/www.abc-berlin.net\/2008\/wp-json\/wp\/v2\/posts\/9401\/revisions\/10268"}],"wp:featuredmedia":[{"embeddable":true,"href":"https:\/\/www.abc-berlin.net\/2008\/wp-json\/wp\/v2\/media\/9402"}],"wp:attachment":[{"href":"https:\/\/www.abc-berlin.net\/2008\/wp-json\/wp\/v2\/media?parent=9401"}],"wp:term":[{"taxonomy":"category","embeddable":true,"href":"https:\/\/www.abc-berlin.net\/2008\/wp-json\/wp\/v2\/categories?post=9401"},{"taxonomy":"post_tag","embeddable":true,"href":"https:\/\/www.abc-berlin.net\/2008\/wp-json\/wp\/v2\/tags?post=9401"}],"curies":[{"name":"wp","href":"https:\/\/api.w.org\/{rel}","templated":true}]}}