{"id":9515,"date":"2013-10-29T15:53:41","date_gmt":"2013-10-29T14:53:41","guid":{"rendered":"http:\/\/www.abc-berlin.net\/?p=9515"},"modified":"2014-12-19T19:51:56","modified_gmt":"2014-12-19T18:51:56","slug":"staw-fordert-3-jahre-und-9-monate-bericht-zum-prozesstag-gegen-sonja-suder-am-29-10-2013","status":"publish","type":"post","link":"https:\/\/www.abc-berlin.net\/2008\/staw-fordert-3-jahre-und-9-monate-bericht-zum-prozesstag-gegen-sonja-suder-am-29-10-2013","title":{"rendered":"StAW fordert 3 Jahre und 9 Monate \u2013 Bericht zum Prozesstag gegen Sonja Suder am 29.10.2013"},"content":{"rendered":"<p><em><a href=\"http:\/\/www.abc-berlin.net\/wp-content\/uploads\/2012\/11\/Protest-beim7.-Prozesstag-gegen-Sonja-und-Christian.png\" rel=\"lightbox[9515]\"><img loading=\"lazy\" class=\"alignright\" title=\"Beim Prozesstag am 2.11.2012 protestierten Besucher*innen gegen die Verlesung von Dokumenten ehemaliger Richter \u00fcber die Behandlung und Verh\u00f6rsituation von Herrmann Feiling. Die offenkundige Misshandlung des schwerletzten Hermann Feiling wird darin verharmlost und gerechtfertigt. Mit Transparenten im Gerichtssaal und drau\u00dfen wurde auf die Komplizenschaft des Gerichts mit Folterpraktiken hingewiesen.\" src=\"http:\/\/www.abc-berlin.net\/wp-content\/uploads\/2012\/11\/Protest-beim7.-Prozesstag-gegen-Sonja-und-Christian-250x187.png\" alt=\"\" width=\"175\" height=\"131\" \/><\/a><span class=\"dropcap\">V<\/span>on der <a href=\"http:\/\/www.verdammtlangquer.org\/\" target=\"_blank\">Soliwebseite<\/a> f\u00fcr <a href=\"http:\/\/www.abc-berlin.net\/tag\/sonja-suder\" target=\"_blank\">Sonja Suder<\/a> und <a href=\"http:\/\/www.abc-berlin.net\/tag\/christian-gauger\" target=\"_blank\">Christian Gauger<\/a> \u00fcbernehmen wir den Bericht vom Prozesstag am 29. Oktober. Am 5. November h\u00e4lt die Verteidigung ihr Pl\u00e4doyer, am 12. wird das Urteil gesprochen werden.<br \/>\nKommt nach Frankfurt. <a href=\"http:\/\/www.verdammtlangquer.org\/2013\/10\/bildet-revolutionaere-fahrgemeinschaften-kommt-zur-urteilsverkuendung\/\" target=\"_blank\">Bildet revolution\u00e4re Fahrgemeinschaften<\/a>.<\/em><\/p>\n<p>Die Beweisaufnahme wurde heute abgeschlossen und die Staatsanwaltschaft trug ihr Pl\u00e4doyer vor. Es wurden 3 Jahre und 9 Monate als Strafma\u00df f\u00fcr die Brandanschl\u00e4ge auf MAN, KSB und das Heidelberger Schloss gefordert, f\u00fcr den \u00dcberfall auf die OPEC-Konferenz dagegen Freispruch.<\/p>\n<p>Am 5. November ab 9h geht es weiter mit den Pl\u00e4doyers der Verteidigung.<\/p>\n","protected":false},"excerpt":{"rendered":"<p>Von der Soliwebseite f\u00fcr Sonja Suder und Christian Gauger \u00fcbernehmen wir den Bericht vom Prozesstag am 29. Oktober. Am 5. November h\u00e4lt die Verteidigung ihr Pl\u00e4doyer, am 12. wird das Urteil gesprochen werden.<\/p>\n","protected":false},"author":3,"featured_media":7941,"comment_status":"closed","ping_status":"open","sticky":false,"template":"","format":"standard","meta":{"_links_to":"","_links_to_target":""},"categories":[36,9,19],"tags":[87,704,335,338],"_links":{"self":[{"href":"https:\/\/www.abc-berlin.net\/2008\/wp-json\/wp\/v2\/posts\/9515"}],"collection":[{"href":"https:\/\/www.abc-berlin.net\/2008\/wp-json\/wp\/v2\/posts"}],"about":[{"href":"https:\/\/www.abc-berlin.net\/2008\/wp-json\/wp\/v2\/types\/post"}],"author":[{"embeddable":true,"href":"https:\/\/www.abc-berlin.net\/2008\/wp-json\/wp\/v2\/users\/3"}],"replies":[{"embeddable":true,"href":"https:\/\/www.abc-berlin.net\/2008\/wp-json\/wp\/v2\/comments?post=9515"}],"version-history":[{"count":3,"href":"https:\/\/www.abc-berlin.net\/2008\/wp-json\/wp\/v2\/posts\/9515\/revisions"}],"predecessor-version":[{"id":10250,"href":"https:\/\/www.abc-berlin.net\/2008\/wp-json\/wp\/v2\/posts\/9515\/revisions\/10250"}],"wp:featuredmedia":[{"embeddable":true,"href":"https:\/\/www.abc-berlin.net\/2008\/wp-json\/wp\/v2\/media\/7941"}],"wp:attachment":[{"href":"https:\/\/www.abc-berlin.net\/2008\/wp-json\/wp\/v2\/media?parent=9515"}],"wp:term":[{"taxonomy":"category","embeddable":true,"href":"https:\/\/www.abc-berlin.net\/2008\/wp-json\/wp\/v2\/categories?post=9515"},{"taxonomy":"post_tag","embeddable":true,"href":"https:\/\/www.abc-berlin.net\/2008\/wp-json\/wp\/v2\/tags?post=9515"}],"curies":[{"name":"wp","href":"https:\/\/api.w.org\/{rel}","templated":true}]}}