{"id":9608,"date":"2013-11-17T19:05:11","date_gmt":"2013-11-17T18:05:11","guid":{"rendered":"http:\/\/www.abc-berlin.net\/?p=9608"},"modified":"2014-12-24T15:29:25","modified_gmt":"2014-12-24T14:29:25","slug":"spanien-haft-fuer-zwei-der-am-13-11-festgenommenen-anarchist_innen","status":"publish","type":"post","link":"https:\/\/www.abc-berlin.net\/2008\/spanien-haft-fuer-zwei-der-am-13-11-festgenommenen-anarchist_innen","title":{"rendered":"Spanien: Haft f\u00fcr zwei der am 13.11. festgenommenen Anarchist_innen"},"content":{"rendered":"<p><img loading=\"lazy\" class=\"alignright\" title=\"arrested\" src=\"http:\/\/www.abc-berlin.net\/wp-content\/uploads\/2009\/10\/arrested-170x250.jpg\" alt=\"arrested\" width=\"102\" height=\"150\" \/><span class=\"dropcap\">A<\/span>m Mittwoch, den 13.11.2013, kam es &#8211; unter Anwendung des Anti-Terror-Gesetzes &#8211; <a title=\"In Solidarit\u00e4t mit den f\u00fcnf inhaftierten Anarchist_innen aus Barcelona\" href=\"http:\/\/www.abc-berlin.net\/in-solidaritaet-mit-den-fuenf-inhaftierten-anarchist_innen-aus-barcelona\" target=\"_blank\">zur Festnahme von 5 Personen in Barcelona<\/a>. Zwei der Betroffenen werden f\u00fcr eine Explosion in der \u00b4Bas\u00edlica del Pilar` Anfang Oktober 2013 und dem Plan weiterer Anschl\u00e4ge auf andere Kirchen verantwortlich gemacht, die anderen der Kollaboration und terroristischer Vereinigung beschuldigt. Die Betroffenen wurden nach Madrid \u00fcberf\u00fchrt, wo ihre Inhaftierung unter Anwendung des Anti-Terror-Gesetzes auf f\u00fcnf Tage verl\u00e4ngert werden konnte, nachdem die Polizei um Verl\u00e4ngerung der Haft zu Verh\u00f6rungszwecken gebeten hatte.<\/p>\n<p>Heute, Sonntag 17.11.2013, wurden die f\u00fcnf Betroffenen am Staatsgerichtshof in Madrid dem Richter Eloy Velasco vorgef\u00fchrt, der Untersuchungshaft f\u00fcr zwei und die vorl\u00e4ufige Entlassung f\u00fcr die anderen drei verordnete.<\/p>\n<p>Ab dem Moment der Festnahmen am Mittwoch haben Staat und Polizei mit den Medien zusammengearbeitet, nicht nur volle Namen und Daten der Betroffenen an die Presse weitergegeben, sondern diese auch den erkennungsdienstlichen Bildern der Personen \u00f6ffentlich zugeordnet.<\/p>\n<p>Die Betroffenen werden dem \u00b4Comando Mateo Morral` zugeordnet, Name, der zum ersten Mal im Februar 2013 in einem mutma\u00dflichen Bekennerschreiben f\u00fcr einen angeblichen (fehlgeschlagenen) Anschlag in Madrid auftauchte. Im Zusammenhang der j\u00fcngsten Verhaftungen wurden die absurden Erkl\u00e4rungen wiederholt, diese Gruppe sei vor einem Jahr vor allem von Personen aus Madrid ins Leben gerufen worden, geh\u00f6re der FAI\/FRI an und basiere auch auf \u00b4Organisationen` wie dem ABC und dem &#8220;bloque negro&#8221;, der j\u00fcngst in \u00c4gypten, vor allem aber auch in Italien und w\u00e4hrend des G8 2005 in Gleneagles aktiv geworden sei. Immer wieder wird die \u00b4Gef\u00e4hrlichkeit` der Gruppe betont, sowie ihre starken internationalen Kontakte. Die polizeiliche Operation sei noch nicht abgeschlossen. Am Samstag wurde bereits ein weiterer Name in der spanischen und chilenischen Presse ver\u00f6ffentlicht.<\/p>\n<p>Die den Festnahmen vorausgegangene Operation wurde in Zusammenarbeit zwischen chilenischen Geheimdiensten und spanischer Polizei durchgef\u00fchrt, der Chef des chilenischen Geheimdienstes sei vor zwei Wochen zur Identifizierung der Angeklagten nach Spanien gereist. Das Ganze wird in den Kontext des \u00b4caso bombas` gestellt, Details des Prozesses, der 2012 in Chile mit dem Freispruch der Angeklagten endete, erneut zu deren Lasten angef\u00fchrt. Auch in Chile seien direkt wieder Stimmen laut geworden, die den Prozess auch dort wieder aufrollen wollen, wie ein Solidarit\u00e4tsschreiben aus Chile berichtete. Der chilenische Innenminister gratulierte Spanien zu den Festnahmen und wurde in der Presse mit den Worten &#8220;dann hatten wir im \u00b4caso bombas` also doch Recht&#8221; zitiert. Au\u00dferdem g\u00e4be es Informationen \u00fcber weitere Anarchist_innen im spanischen Exil.<\/p>\n<p>Die spanische Zeitung \u00b4El Pa\u00eds` wusste sogar zu berichten: &#8220;Der anarchistische Terrorismus kopiert Al Qaeda&#8221;. Diese Medienhetze macht den &#8220;anarchistischen Terrorismus&#8221; zum neuen alten Feind, beschreibt Spanien als Zufluchtsland f\u00fcr internationale Anarchist_innen und erkl\u00e4rt Barcelona zum Zentrum dieser. Italien, Griechenland, M\u00e9xico, Argentinien, Chile, aber auch Deutschland kursieren in der Presse als Herkunftsl\u00e4nder der in Spanien \u00b4Zuflucht suchenden Anarchist_innen`. Es handelt sich bei den Verhaftungen nicht um die ersten, die unter Anwendung des Anti-Terror-Gesetzes und gegen Anarchist_innen, in diesem Jahr stattfanden. Bereits im Mai waren, zum Beispiel, 5 Personen in der Umgebung von Barcelona festgenommen, unter Terrorismus-Vorwurf nach Madrid \u00fcberstellt und nach 4 Monaten Haft in unterschiedlichen spanischen Gef\u00e4ngnissen unter Meldeauflagen entlassen worden.<\/p>\n<p>Der heutige Richterspruch bedeutet Haft ohne Kaution f\u00fcr zwei der Betroffenen auf Grund der Anschuldigung der terroristischen Vereinigung und Zerst\u00f6rung. Der Freilassung der drei weiteren Personen wurde mit harten Meldeauflagen und, laut ersten Presseberichten, auch nur unter Einbehaltung ihrer P\u00e4sse und dem Ausreiseverbot aus Spanien zugestimmt.<\/p>\n","protected":false},"excerpt":{"rendered":"<p>Am Mittwoch, den 13.11.2013, kam es &#8211; unter Anwendung des Anti-Terror-Gesetzes &#8211; zur Festnahme von 5 Personen in Barcelona. Zwei der Betroffenen werden f\u00fcr eine Explosion in der \u00b4Bas\u00edlica del Pilar` Anfang Oktober 2013 und dem Plan weiterer Anschl\u00e4ge auf andere Kirchen verantwortlich gemacht, die anderen der Kollaboration und terroristischer Vereinigung beschuldigt.<\/p>\n","protected":false},"author":3,"featured_media":10297,"comment_status":"closed","ping_status":"open","sticky":false,"template":"","format":"standard","meta":{"_links_to":"","_links_to_target":""},"categories":[297,9,438],"tags":[52,444,366,155],"_links":{"self":[{"href":"https:\/\/www.abc-berlin.net\/2008\/wp-json\/wp\/v2\/posts\/9608"}],"collection":[{"href":"https:\/\/www.abc-berlin.net\/2008\/wp-json\/wp\/v2\/posts"}],"about":[{"href":"https:\/\/www.abc-berlin.net\/2008\/wp-json\/wp\/v2\/types\/post"}],"author":[{"embeddable":true,"href":"https:\/\/www.abc-berlin.net\/2008\/wp-json\/wp\/v2\/users\/3"}],"replies":[{"embeddable":true,"href":"https:\/\/www.abc-berlin.net\/2008\/wp-json\/wp\/v2\/comments?post=9608"}],"version-history":[{"count":4,"href":"https:\/\/www.abc-berlin.net\/2008\/wp-json\/wp\/v2\/posts\/9608\/revisions"}],"predecessor-version":[{"id":10221,"href":"https:\/\/www.abc-berlin.net\/2008\/wp-json\/wp\/v2\/posts\/9608\/revisions\/10221"}],"wp:featuredmedia":[{"embeddable":true,"href":"https:\/\/www.abc-berlin.net\/2008\/wp-json\/wp\/v2\/media\/10297"}],"wp:attachment":[{"href":"https:\/\/www.abc-berlin.net\/2008\/wp-json\/wp\/v2\/media?parent=9608"}],"wp:term":[{"taxonomy":"category","embeddable":true,"href":"https:\/\/www.abc-berlin.net\/2008\/wp-json\/wp\/v2\/categories?post=9608"},{"taxonomy":"post_tag","embeddable":true,"href":"https:\/\/www.abc-berlin.net\/2008\/wp-json\/wp\/v2\/tags?post=9608"}],"curies":[{"name":"wp","href":"https:\/\/api.w.org\/{rel}","templated":true}]}}