{"id":9744,"date":"2013-12-14T14:25:00","date_gmt":"2013-12-14T13:25:00","guid":{"rendered":"http:\/\/www.abc-berlin.net\/?p=9744"},"modified":"2014-12-19T00:16:15","modified_gmt":"2014-12-18T23:16:15","slug":"silvester-zum-knast-31-dezember-2013","status":"publish","type":"post","link":"https:\/\/www.abc-berlin.net\/2008\/silvester-zum-knast-31-dezember-2013","title":{"rendered":"Silvester zum Knast \u2013 31. Dezember 2013"},"content":{"rendered":"<p><a href=\"http:\/\/www.abc-berlin.net\/wp-content\/uploads\/2013\/12\/Silvester-zum-Knast-2013_banner.jpg\" rel=\"lightbox[9744]\"><img loading=\"lazy\" class=\"alignright size-medium wp-image-9745\" src=\"http:\/\/www.abc-berlin.net\/wp-content\/uploads\/2013\/12\/Silvester-zum-Knast-2013_banner-250x76.jpg\" alt=\"Silvester zum Knast 2013_banner\" width=\"250\" height=\"76\" srcset=\"https:\/\/www.abc-berlin.net\/2008\/wp-content\/uploads\/2013\/12\/Silvester-zum-Knast-2013_banner-250x76.jpg 250w, https:\/\/www.abc-berlin.net\/2008\/wp-content\/uploads\/2013\/12\/Silvester-zum-Knast-2013_banner.jpg 600w\" sizes=\"(max-width: 250px) 100vw, 250px\" \/><\/a><strong><span class=\"dropcap\">D<\/span>ie Freiheit aller Menschen ist die Bedingung der eigenen Freiheit<\/strong><\/p>\n<p>Seit vielen Jahren gibt es in den letzten Abendstunden von Silvester in Berlin eine Demonstration zum Knast in Moabit, seit letztem Jahr wird au\u00dferdem auch der Frauenknast in Lichtenberg besucht. Damit soll den Inhaftierten in diesen Zwangsanstalten \u2013 stellvertretend f\u00fcr alle anderen Gefangenen \u2013 gezeigt werden, dass sie nicht allein und vergessen hinter den grauen Mauern weggesperrt sind.<br \/>\nWir wollen ein Zeichen setzen und werden wieder einmal auf die Stra\u00dfen gehen, um unsere Ablehnung gegen diese Institutionen zu zeigen. Die Funktionen der Gef\u00e4ngnisse reichen seit langem weit \u00fcber ihre eigenen Mauern hinaus. Repressions- und soziale Kontrollma\u00dfnahmen funktionieren auch als ewiger Angstzustand in dem Menschen durch L\u00e4hmung, Angst und Furcht nur noch gehorchen.<\/p>\n<p>Daher gehen wir auf die Stra\u00dfe um zu zeigen, dass Gefangene nicht alleine sind. Um zu zeigen, dass es in dieser Stadt Menschen gibt, die sich nicht von der staatlichen Repression und der Kontrolle einsch\u00fcchtern lassen wollen. Der Kapitalismus soll die heuchlerische Antwort gegen Armut sein, innerhalb dessen die Gef\u00e4ngnisse als die L\u00f6sung f\u00fcr Menschen da stehen, die nicht in diese Gesellschaft passen oder mit den Regeln dieser gebrochen haben. Gesetze sind nichts anderes als die von den Machthabenden auferlegten Regeln.<br \/>\nWas ist dies f\u00fcr eine Gesellschaft, wo Gewaltverh\u00e4ltnisse ausgeklammert oder nur in beschr\u00e4nkter Weise benannt werden? Abschottung vor Fl\u00fcchtlingen, Gewalt in der Familie, Polizeigewalt, Knast, Arbeitszwang, Unterdr\u00fcckung seitens der Bosse und der Sozialarbeiter_innen sind nur einige Formen von gesellschaftlich legitimierter Gewalt, teils in Gesetze gegossen, teils akzeptiert oder hingenommen.<\/p>\n<p>Kn\u00e4ste sind die verlogene Antwort der Herrschenden auf die sozialen Probleme der Menschen, die in Armut oder als Ausgesto\u00dfene leben. Denn die Herrschenden sind so gut wie nie von Gef\u00e4ngnis betroffen.<\/p>\n<p>Die Funktion der Gef\u00e4ngnisse ist auch Menschen davon zu \u00fcberzeugen eine gewisse Lebensweise f\u00fchren zu m\u00fcssen, womit dieses System am Leben erhalten wird.<\/p>\n<p>In einer libert\u00e4ren Gesellschaft wo das Leben auf der Basis freier Vereinbarungen aufgebaut wird; in der jede Gemeinschaft ihre eigenen Regeln (ohne Autorit\u00e4t) aufbaut, wo Menschen frei sind, ihre eigene Gemeinschaft aussuchen, in welcher der Staat nicht mehr existiert und daher dessen Repression nicht mehr zu rechtfertigen ist. Gef\u00e4ngnisse und jede Form von Haft k\u00f6nnten daher abgeschafft werden, weil ihre Funktion nicht mehr notwendig w\u00e4re. Eine befreite Gesellschaft gibt es nur ohne Kn\u00e4ste.<\/p>\n<p><strong>F\u00fcr die Abschaffung jeder Form des Einsperrens!<br \/>\nF\u00fcr die Abschaffung jeder Form von Macht, Unterdr\u00fcckung und Lohnarbeit!<\/strong><\/p>\n<hr \/>\n<p style=\"text-align: center;\"><strong>Dienstag \u2013 31.12.2013 \u2013 U-Bhf Samariterstrasse \u2013 15:30 Uhr<\/strong><br \/>\n<strong> Demo zum Frauenknast Berlin-Lichtenberg<\/strong><\/p>\n<p style=\"text-align: center;\"><strong>Dienstag \u2013 31.12.2013 \u2013 S-Bhf Bellevue \u2013 22:45 Uhr<\/strong><br \/>\n<strong> Demo zum U-Haft-Knast Moabit<\/strong><\/p>\n<hr \/>\n<p style=\"text-align: center;\"><a href=\"http:\/\/silvesterzumknast.nostate.net\/\" rel=\"nofollow\"><strong>silvesterzumknast.nostate.net<\/strong><\/a><\/p>\n<p style=\"text-align: center;\"><a href=\"http:\/\/www.abc-berlin.net\/wp-content\/uploads\/2013\/12\/Silvester-zum-Knast-2013_poster.jpg\" rel=\"lightbox[9744]\"><img loading=\"lazy\" class=\"aligncenter size-full wp-image-9747\" src=\"http:\/\/www.abc-berlin.net\/wp-content\/uploads\/2013\/12\/Silvester-zum-Knast-2013_poster.jpg\" alt=\"Silvester zum Knast 2013_poster\" width=\"600\" height=\"845\" srcset=\"https:\/\/www.abc-berlin.net\/2008\/wp-content\/uploads\/2013\/12\/Silvester-zum-Knast-2013_poster.jpg 600w, https:\/\/www.abc-berlin.net\/2008\/wp-content\/uploads\/2013\/12\/Silvester-zum-Knast-2013_poster-177x250.jpg 177w, https:\/\/www.abc-berlin.net\/2008\/wp-content\/uploads\/2013\/12\/Silvester-zum-Knast-2013_poster-426x600.jpg 426w\" sizes=\"(max-width: 600px) 100vw, 600px\" \/><\/a><\/p>\n","protected":false},"excerpt":{"rendered":"<p>Seit vielen Jahren gibt es in den letzten Abendstunden von Silvester in Berlin eine Demonstration zum Knast in Moabit, seit letztem Jahr wird au\u00dferdem auch der Frauenknast in Lichtenberg besucht. <\/p>\n","protected":false},"author":3,"featured_media":9745,"comment_status":"closed","ping_status":"open","sticky":false,"template":"","format":"standard","meta":{"_links_to":"","_links_to_target":""},"categories":[8,9,462,31],"tags":[397,698,701,622,266,707],"_links":{"self":[{"href":"https:\/\/www.abc-berlin.net\/2008\/wp-json\/wp\/v2\/posts\/9744"}],"collection":[{"href":"https:\/\/www.abc-berlin.net\/2008\/wp-json\/wp\/v2\/posts"}],"about":[{"href":"https:\/\/www.abc-berlin.net\/2008\/wp-json\/wp\/v2\/types\/post"}],"author":[{"embeddable":true,"href":"https:\/\/www.abc-berlin.net\/2008\/wp-json\/wp\/v2\/users\/3"}],"replies":[{"embeddable":true,"href":"https:\/\/www.abc-berlin.net\/2008\/wp-json\/wp\/v2\/comments?post=9744"}],"version-history":[{"count":3,"href":"https:\/\/www.abc-berlin.net\/2008\/wp-json\/wp\/v2\/posts\/9744\/revisions"}],"predecessor-version":[{"id":10153,"href":"https:\/\/www.abc-berlin.net\/2008\/wp-json\/wp\/v2\/posts\/9744\/revisions\/10153"}],"wp:featuredmedia":[{"embeddable":true,"href":"https:\/\/www.abc-berlin.net\/2008\/wp-json\/wp\/v2\/media\/9745"}],"wp:attachment":[{"href":"https:\/\/www.abc-berlin.net\/2008\/wp-json\/wp\/v2\/media?parent=9744"}],"wp:term":[{"taxonomy":"category","embeddable":true,"href":"https:\/\/www.abc-berlin.net\/2008\/wp-json\/wp\/v2\/categories?post=9744"},{"taxonomy":"post_tag","embeddable":true,"href":"https:\/\/www.abc-berlin.net\/2008\/wp-json\/wp\/v2\/tags?post=9744"}],"curies":[{"name":"wp","href":"https:\/\/api.w.org\/{rel}","templated":true}]}}