{"id":9795,"date":"2013-12-26T17:42:36","date_gmt":"2013-12-26T16:42:36","guid":{"rendered":"http:\/\/www.abc-berlin.net\/?p=9795"},"modified":"2014-12-19T08:02:45","modified_gmt":"2014-12-19T07:02:45","slug":"belgien-ein-neues-gefaengnis-gegen-die-revolte-im-inneren-liste-mit-knastprofiteuren","status":"publish","type":"post","link":"https:\/\/www.abc-berlin.net\/2008\/belgien-ein-neues-gefaengnis-gegen-die-revolte-im-inneren-liste-mit-knastprofiteuren","title":{"rendered":"Belgien: Ein neues Gef\u00e4ngnis gegen die Revolte im Inneren&#8230; + Liste mit Knastprofiteuren"},"content":{"rendered":"<p><a href=\"http:\/\/www.abc-berlin.net\/wp-content\/uploads\/2013\/12\/La-Ruina-cover.jpg\" rel=\"lightbox[9795]\"><img loading=\"lazy\" class=\"alignright  wp-image-9797\" title=\"La Ruina - cover\" src=\"http:\/\/www.abc-berlin.net\/wp-content\/uploads\/2013\/12\/La-Ruina-cover-176x250.jpg\" alt=\"La Ruina - cover\" width=\"123\" height=\"175\" srcset=\"https:\/\/www.abc-berlin.net\/2008\/wp-content\/uploads\/2013\/12\/La-Ruina-cover-176x250.jpg 176w, https:\/\/www.abc-berlin.net\/2008\/wp-content\/uploads\/2013\/12\/La-Ruina-cover-424x600.jpg 424w, https:\/\/www.abc-berlin.net\/2008\/wp-content\/uploads\/2013\/12\/La-Ruina-cover.jpg 600w\" sizes=\"(max-width: 123px) 100vw, 123px\" \/><\/a><em>\u00fcbernommen von <a href=\"https:\/\/linksunten.indymedia.org\/de\/node\/102040\" target=\"_blank\">linksunten.indymedia.org<\/a><\/em><\/p>\n<p><span class=\"dropcap\">S<\/span>eit einigen Jahren wurden die Mauern der Gef\u00e4ngnisse von Revolten, Meutereien und Ausbr\u00fcchen, durchbohrt. Die rebellischen Gefangenen demolierten die Gef\u00e4ngnisinfrastrukturen, steckten Sachen in Brand, weigerten sich, nach dem Hofgang, in die Zellen zur\u00fcck zu kehren und stiegen auf die D\u00e4cher um ihre Wut auszudr\u00fccken. Sie nahmen Schlie\u00dfer als Geiseln, \u00f6ffneten f\u00fcr alle auf der Sektion die Zellen und griffen die Verst\u00e4rkung der Polizei an. Der Puls beschleunigt sich, die Atmung wird tiefer. In der Revolte entdecken wir die Freiheit.<\/p>\n<p>Au\u00dferhalb der Mauern ballen einige die F\u00e4uste und gehen in die Offensive. Von Demonstrationen \u00fcber Attacken gegen die Firmen, die ihre Kohle mit dem Wegsperren machen. \u00dcber Hinterhalte, Sch\u00fcsse gegen die Schlie\u00dfer vor dem Gef\u00e4ngnistor in Forest und Bomben auf der Baustelle des neuen Gef\u00e4ngnisses von Marche. Von der Organisierung von Ausbr\u00fcchen bei Unruhen in den Vierteln. Die Mauern der Gef\u00e4ngnisse erwiesen sich nicht immer als ausreichend stark genug.<\/p>\n<p>Jedoch, angesichts der Revolte gibt es Repression. Der Staat verk\u00fcndet seit diesem Moment: Den Bau von 13 neuen modernen und effektiveren Gef\u00e4ngnissen. Manche sind schon im Bau, f\u00fcr andere sucht die Regierung noch nach Orten. Aber es ist sicher, dass auch in Br\u00fcssel, die Macht ein neues Gef\u00e4ngnis will. Das Gr\u00f6\u00dfte von allen. Sie will es auf dem Gel\u00e4nde der Gemeinde Haren bauen, zwischen Evere und Schaerbeek. Dort, wo man heute noch im letzten gr\u00fcnen St\u00fcck in Haren spazieren gehen und den Horizont betrachtet kann, wollen sie Mauern, Mauern und nochmals Mauern errichten.<\/p>\n<p><em>\u2026. und gegen die Revolte drau\u00dfen. <\/em><\/p>\n<p>Es ist nicht lediglich, um die Revolten im Inneren des Gef\u00e4ngnissen niederzuschlagen, dass der Staat dieses neue Maxigef\u00e4ngis bauen m\u00f6chte. Dieses Gef\u00e4ngnis wird auch ein unentbehrliches Element dessen sein, was die M\u00e4chtigen im allgemeinen dabei sind zu tun.<\/p>\n<p>Hier in Br\u00fcssel ist die Macht gerade dabei, eine ganze Bev\u00f6lkerung, ohne Scham, zu verst\u00fcmmeln. Die Bauprojekte f\u00fcr die Machthaber und ihre Kohle wachsen wie Pilze, w\u00e4hrend der untere Bev\u00f6lkerungsteil von Br\u00fcssel einmal mehr ins Elend gezwungen wird; die Mieten steigen, die Beihilfen und die L\u00f6hne sinken. Die Arbeitsbedingungen verschlechtern sich, die Gesetze f\u00fcr die Immigration werden versch\u00e4rft.<\/p>\n<p>Hier, wo das Gl\u00fcck erzwungen wird, muss die Macht sich vor den Unterdr\u00fcckten sch\u00fctzen. Sich selbst und ihr Eigentum, da der Diebstahl und die Revolte immer m\u00f6glich sind. Die Brutalit\u00e4t der miesen Bullen geht Hand in Hand mit der Niedertr\u00e4chtigkeit ihrer Kameras und den Spie\u00dfern. Das neue Gef\u00e4ngnis von Haren soll 1200 Personen wegschlie\u00dfen. Als wenn man nicht schon genug Schl\u00e4ge ertragen muss, nicht genug Elend und Leid! Auch in dieser Stadt, die immer mehr einem Gef\u00e4ngnis \u00e4hnelt, ist es die Revolte, die uns den Sauerstoff gibt. Die Revolte gegen die Verantwortlichen dieses Lebens in Ketten. Die Revolte gegen die Tausenden Mauern, die \u00fcberall um uns herum gebaut werden. Die Revolte um Frei sein zu k\u00f6nnen, um in Freiheit atmen zu k\u00f6nnen.<\/p>\n<p>Wir laden folglich die ganze Welt dazu ein, gegen dieses schreckliche Projekt, des Baues eines Maxigef\u00e4ngnisses in Br\u00fcssel zu k\u00e4mpfen. Angesichts der ma\u00dflosen Arroganz der Macht, liegt es an uns, unseren Mut zu sammeln.<\/p>\n<p>[Ausschnitt aus der Brosch\u00fcre: <a href=\"http:\/\/www.lacavale.be\/spip.php?article50\" rel=\"nofollow\"><i>La Ruina<\/i><\/a>. Eine Sammlung von Texten und Flugbl\u00e4ttern aus dem Kampf gegen das Maxigef\u00e4ngnis in Br\u00fcssel]<\/p>\n<hr \/>\n<p><strong><em>(Oktober 2013)<\/em><\/strong><\/p>\n<p>Nieder mit den Mauern! Machen wir den Masterplan* der neuen Gef\u00e4ngnisse zunichte. Hier eine Liste der Unternehmen, welche die neuen Gef\u00e4ngnisse in Belgien zeichnen, finanzieren, bauen und pflegen.<\/p>\n<p>Neben den hier erw\u00e4hnten Projekten existieren auch andere Projekte f\u00fcr neue Orte der Einschlie\u00dfung, mit verschiedenen Fortschritten. F\u00fcr die Letzteren, sind die Firmen noch nicht ausgew\u00e4hlt oder die Orte stehen noch nicht fest.<\/p>\n<p>*[(A.d.\u00dc.) Der Bau der 13 neuen Kn\u00e4ste l\u00e4uft ohne Scherz unter dem Titel \u201eMasterplan\u201c.]<\/p>\n<p><strong>NEUES GEF\u00c4NGNIS IN HAREN<\/strong><\/p>\n<p>DENYS \u2013 Belgisches Bauunternehmen mit Sitz in Wondelgem.<br \/>\nFFC CONTRUCCION \u2013 Spanischen Bauunternehmen mit B\u00fcros in vielen europ\u00e4ischen St\u00e4dten.<br \/>\nBuro II &amp; ARCHI+I \u2013 Belgisches Architekturb\u00fcro mit B\u00fcros in Br\u00fcssel, Roeselare und Gent.<br \/>\nEGM ARCHITECTEN \u2013 Niederl\u00e4ndisches Architekturb\u00fcro mit Sitz in Dordrecht.<br \/>\nAAFM FACILITY MANAGEMENT \u2013 Niederl\u00e4ndisches Dienstleistungsunternehmen mit Sitz in Antwerpen und den Niederlanden.<br \/>\nM.O.O.CON \u2013 \u00d6sterreichisches Dienstleistungsunternehmen mit B\u00fcros in \u00d6sterreich und Deutschland.<br \/>\nG. DERVEAUX \u2013 Belgisches Ingenieursb\u00fcro mit Sitz in Gent.<br \/>\nMARCQ &amp; ROBA \u2013 Belgische Beratungsgesellschaft mit Sitz in Br\u00fcssel.<br \/>\nADVISERS \u2013 Belgisches Beratungsgesellschaft mit Sitz in Br\u00fcssel und Antwerpen.<br \/>\nTYPSA \u2013 Spanische Beratungsgesellschaft mit Sitz in Madrid, B\u00fcros in Br\u00fcssel und in anderen europ\u00e4ischen St\u00e4dten.<br \/>\nVIALIA SOCIEDAD GESTORA DE CONCESIONES DE INFRAESTRUCTURAS \u2013 Spanischer Immobilienmakler mit Sitz in Madrid.<br \/>\nMACQUARIE CAPITAL GROUP \u2013 Australische Investment Bank, B\u00fcros \u00fcberall auf der Welt, geh\u00f6rt zur Macquarie Group.<br \/>\nDr. ANDREA SEELICH \u2013 Architektin, spezialisiert auf Gef\u00e4ngnisarchitektur.<br \/>\nREGIE DES BATIMENTS \u2013 Experte f\u00fcr Immobilien des belgischen Staates, Bauherr aller Projekte der neuen Gef\u00e4ngnisse in Belgien.<\/p>\n<p><strong>NEUES FORENSISCHES GEF\u00c4NGNIS IN GENT<\/strong><\/p>\n<p>DENYS \u2013 Belgisches Bauunternehmen mit Sitz in Wondelgem.<br \/>\nABSCIS \u2013 Belgisches Architekturb\u00fcro mit Sitz in Gent<br \/>\nDJGA \u2013 Niederl\u00e4ndisches Architekturb\u00fcro mit Sitz in Rotterdam.<br \/>\nINGENIUM \u2013 Belgische Baugesellschaft mit B\u00fcro in Br\u00fcgge und L\u00f6wen.<br \/>\nAT OSBORNE \u2013 Niederl\u00e4ndische Beratungsgesellschaft mit B\u00fcros in Baarn, Br\u00fcssel und Paris.<br \/>\nDERVEAUX \u2013 Belgisches Ingenieurb\u00fcro mit Sitz in Gent.<br \/>\nREGIE DES BATIMENTS \u2013 Experte f\u00fcr Immobilien des belgischen Staates, Bauherr aller Projekte der neuen Gef\u00e4ngnisse in Belgien.<\/p>\n<p><strong>NEUES GEF\u00c4NGNIS IN MARCHE-EN-FAMENNE<\/strong><\/p>\n<p>EIFFAGE \u2013 Franz\u00f6sische Bauunternehmen mit B\u00fcros in vielen belgischen St\u00e4dten und der ganzen Welt.<br \/>\nVALENS \u2013 Belgisches Bauunternehmen mit Sitz in Br\u00fcssel. Geh\u00f6rt zur Eiffage Group.<br \/>\nDUCHENE \u2013 Belgisches Bauunternehmen mit Sitz in Modave. Geh\u00f6rt zu Eiffage Group.<br \/>\nSCAU\/CERAU \u2013 Belgisches Architekturb\u00fcro mit Sitz in Br\u00fcssel.<br \/>\nSODEXO \u2013 Franz\u00f6sisches Dienstleistungsunternehmen, Sitz von Sodexo Belgien in Br\u00fcssel, B\u00fcros \u00fcberall auf der Welt.<br \/>\nTPF ENGINEERING \u2013 Belgisches Ingenieurb\u00fcro mit Sitz in Br\u00fcssel, B\u00fcros \u00fcberall auf der Welt.<br \/>\nDG INFRA+ &#8211; Belgisches Investmentfonds mit Sitz in Br\u00fcssel, Antwerpen und Den Haag.<br \/>\nBNP PARIBAS FORTIS \u2013 Franz\u00f6sisch-Belgische Bank.<br \/>\nNIBC BANK \u2013 Niederl\u00e4ndische Bank.<br \/>\nREGIE DES BATIMENTS \u2013 Experte f\u00fcr Immobilien des belgischen Staates, Bauherr aller Projekte der neuen Gef\u00e4ngnisse in Belgien.<\/p>\n<p><strong>NEUE GEF\u00c4NGNISSE IN TERMONDE UND BEVEREN<\/strong><\/p>\n<p>BAM \u2013 Niederl\u00e4ndisches Bauunternehmen mit B\u00fcros \u00fcberall in Europa.<br \/>\nINTERBUILD \u2013 Belgisches Bauunternehmen mit Sitz in Wilrijk, geh\u00f6rt zur Bam Group.<br \/>\nGALERE \u2013 Belgisches Bauunternehmen, Sitz in Chaudfontaine, geh\u00f6rt zur Bam Group.<br \/>\nSTEPHANE BEEL BVBA \u2013 Belgisches Architekturb\u00fcro mit B\u00fcros in Gent.<br \/>\nJASPERS &amp; EYERS \u2013 Belgisches Architekturb\u00fcro mit B\u00fcros in Br\u00fcssel, Hasselt und L\u00f6wen.<br \/>\nARCHIVOLT \u2013 Niederl\u00e4ndisches Architekturb\u00fcro mit Sitz in Amsterdam.<br \/>\nPAUWELS ONTWERPBUREAU \u2013 Belgisches Architekturb\u00fcro mit Sitz in L\u00f6wen.<br \/>\nEUREST \u2013 Amerikanisches Essenslieferungs-und Dienstleistungsunternehmen mit B\u00fcros in Br\u00fcssel und den meisten europ\u00e4ischen L\u00e4ndern. Geh\u00f6rt zur britischen Compass Group.<br \/>\nCEGELEC \u2013 Franz\u00f6sisches Unternehmen spezialisiert auf technologische Applikationen in der Industrie, viel B\u00fcros in Belgien und dem Rest der Welt. Geh\u00f6rt zur franz\u00f6sischen Vinci Group.<br \/>\nVK ENGINEERING \u2013 Belgisches Ingenieurb\u00fcro mit B\u00fcros in Br\u00fcssel, Br\u00fcgge, Merelbeke, Lasne und Roeselare, aber auch in Russland, Vietnam und Kasachstan.<br \/>\nHALMOS \u2013 Niederl\u00e4ndische Beratungsgesellschaft mit Sitz in Den Haag.<br \/>\nBELFIUS \u2013 Belgische Bank, fr\u00fcher Dexia.<br \/>\nKBC \u2013 Belgische Bank.<br \/>\nABN AMRO \u2013 Niederl\u00e4ndische Bank.<br \/>\nREGIE DES BATIMENTS \u2013 Experte f\u00fcr Immobilien des belgischen Staates, Bauherr aller Projekte der neuen Gef\u00e4ngnisse in Belgien.<\/p>\n<p><strong>NEUES GEF\u00c4NGNIS IN LEUZE-EN-HAINAUT<\/strong><\/p>\n<p>CORDEEL \u2013 Belgisches Baunternehmen mit Sitz in Temse, R\u00e4umlichkeiten in Frankreich, Bulgarien, Deutschland und den Niederlande.<br \/>\nWILLEMEN \u2013 Belgisches Bauunternehmen mit Sitz in Malines.<br \/>\nASSAR \u2013 Belgisches Architekturb\u00fcro mit Sitz in Br\u00fcssel.<br \/>\nDDS &amp; PARTNERS \u2013 Belgisches Architekturb\u00fcro mit Sitz in Br\u00fcssel.<br \/>\nARCH &amp; TECO \u2013 Belgisches Architekturb\u00fcro mit Sitz in Gent.<br \/>\nJNC \u2013 Belgisches Architekturb\u00fcro mit Sitz in Br\u00fcssel und Nivelles.<br \/>\nSTORIMANS WIJFFELS \u2013 Niederl\u00e4ndisches Architekturb\u00fcro mit Sitz in Tilburg.<br \/>\nFACILICOM FACILITY SOLUTIONS \u2013 Belgische Dienstleistungsunternehmen mit Sitz in Antwerpen.<br \/>\nARIES CONSULTANTS \u2013 Belgische Beratungsgesellschaft mit Sitz in Rosi\u00e8res.<br \/>\nSOCOTEC \u2013 Franz\u00f6sische Beratungsgesellschaft, Sitz von Socotec Belgien in Craighnem, B\u00fcros \u00fcberall auf der Welt.<br \/>\nVEGA PROJECTS INTERNATIONAL \u2013 Niederl\u00e4ndisches Beratungsunternehmen mit Sitz in Valkenswaard.<br \/>\nPIRNAY \u2013 Belgisches Forschungsb\u00fcro mit Sitz in Br\u00fcssel.<br \/>\nBOPRO \u2013 Belgisches Forschungsb\u00fcro mit Sitz in Gent und Malines.<br \/>\nVENAC \u2013 Belgisches Forschungsb\u00fcro mit Sitz in Br\u00fcssel, Vilvorde und Newport.<br \/>\nPROGROUP \u2013 Belgisches Ingenieurb\u00fcro mit Sitz in Br\u00fcssel und Luxemburg.<br \/>\nCOFINIMMO \u2013 Belgischer Immobilienmakler mit Sitz in Br\u00fcssel.<br \/>\nREGIE DES BATIMENTS \u2013 Experte f\u00fcr Immobilien des belgischen Staates, Bauherr aller Projekte der neuen Gef\u00e4ngnisse in Belgien.<\/p>\n","protected":false},"excerpt":{"rendered":"<p>Seit einigen Jahren wurden die Mauern der Gef\u00e4ngnisse von Revolten, Meutereien und Ausbr\u00fcchen, durchbohrt. Die rebellischen Gefangenen demolierten die Gef\u00e4ngnisinfrastrukturen, steckten Sachen in Brand, weigerten sich, nach dem Hofgang, in die Zellen zur\u00fcck zu kehren und stiegen auf die D\u00e4cher um ihre Wut auszudr\u00fccken.<\/p>\n","protected":false},"author":3,"featured_media":9803,"comment_status":"closed","ping_status":"open","sticky":false,"template":"","format":"standard","meta":{"_links_to":"","_links_to_target":""},"categories":[297,462,453],"tags":[271,74,89,192],"_links":{"self":[{"href":"https:\/\/www.abc-berlin.net\/2008\/wp-json\/wp\/v2\/posts\/9795"}],"collection":[{"href":"https:\/\/www.abc-berlin.net\/2008\/wp-json\/wp\/v2\/posts"}],"about":[{"href":"https:\/\/www.abc-berlin.net\/2008\/wp-json\/wp\/v2\/types\/post"}],"author":[{"embeddable":true,"href":"https:\/\/www.abc-berlin.net\/2008\/wp-json\/wp\/v2\/users\/3"}],"replies":[{"embeddable":true,"href":"https:\/\/www.abc-berlin.net\/2008\/wp-json\/wp\/v2\/comments?post=9795"}],"version-history":[{"count":7,"href":"https:\/\/www.abc-berlin.net\/2008\/wp-json\/wp\/v2\/posts\/9795\/revisions"}],"predecessor-version":[{"id":10164,"href":"https:\/\/www.abc-berlin.net\/2008\/wp-json\/wp\/v2\/posts\/9795\/revisions\/10164"}],"wp:featuredmedia":[{"embeddable":true,"href":"https:\/\/www.abc-berlin.net\/2008\/wp-json\/wp\/v2\/media\/9803"}],"wp:attachment":[{"href":"https:\/\/www.abc-berlin.net\/2008\/wp-json\/wp\/v2\/media?parent=9795"}],"wp:term":[{"taxonomy":"category","embeddable":true,"href":"https:\/\/www.abc-berlin.net\/2008\/wp-json\/wp\/v2\/categories?post=9795"},{"taxonomy":"post_tag","embeddable":true,"href":"https:\/\/www.abc-berlin.net\/2008\/wp-json\/wp\/v2\/tags?post=9795"}],"curies":[{"name":"wp","href":"https:\/\/api.w.org\/{rel}","templated":true}]}}