{"id":9837,"date":"2014-01-04T11:53:46","date_gmt":"2014-01-04T10:53:46","guid":{"rendered":"http:\/\/www.abc-berlin.net\/?p=9837"},"modified":"2014-12-19T19:30:57","modified_gmt":"2014-12-19T18:30:57","slug":"thomas-meyer-falk-carmen-wieder-in-haft","status":"publish","type":"post","link":"https:\/\/www.abc-berlin.net\/2008\/thomas-meyer-falk-carmen-wieder-in-haft","title":{"rendered":"Thomas Meyer-Falk: Carmen wieder in Haft"},"content":{"rendered":"<p><a href=\"http:\/\/www.abc-berlin.net\/wp-content\/uploads\/2009\/06\/faust-durchs-gitter.jpg\" rel=\"lightbox[9837]\"><img loading=\"lazy\" class=\"alignleft\" title=\"faust-durchs-gitter\" src=\"http:\/\/www.abc-berlin.net\/wp-content\/uploads\/2009\/06\/faust-durchs-gitter.jpg\" alt=\"faust-durchs-gitter\" width=\"115\" height=\"120\" \/><\/a><span class=\"dropcap\">E<\/span>rst vor wenigen Tagen berichtete ich von Carmen, die ihre elektronische Fu\u00dffessel durchtrennte und dann <a title=\"Thomas Meyer-Falk: Carmen ist untergetaucht\" href=\"http:\/\/www.abc-berlin.net\/thomas-meyer-falk-carmen-ist-untergetaucht\" target=\"_blank\" rel=\"nofollow\">untertauchte<\/a>. Am 30.12.2013 wurde sie nun verhaftet.<\/p>\n<p><em>Vorgeschichte<\/em><\/p>\n<p>Nach rund 14 Jahren Gef\u00e4ngnis, davon die letzten fast 10 Jahre in Isolationshaft, wurde sie am 27.11.2013 von heute auf morgen <a title=\"Thomas Meyer-Falk: Carmen F. aus SV entlassen\" href=\"http:\/\/www.abc-berlin.net\/thomas-meyer-falk-carmen-f-aus-sv-entlassen\" target=\"_blank\" rel=\"nofollow\">auf die Stra\u00dfe gesetzt<\/a> und faktisch sich selbst \u00fcberlassen, allerdings staatlicherseits durch zahllose Beschr\u00e4nkungen unter Druck gesetzt. So musste sie eine elektronische Fu\u00dffessel tragen, die jederzeit ihren Aufenthaltsort an eine Zentrale \u00fcbermittelte, au\u00dferdem durfte sie nachts nicht die Wohnung verlassen.<\/p>\n<p><em>Carmen taucht unter<\/em><\/p>\n<p>Mitte Dezember hatte sie die Faxen dicke, denn sie wollte sich nicht weiter, wie sie es empfand, von der Justiz und der Polizei drangsalieren lassen. Sie durchtrennte die Fu\u00dffessel und tauchte unter.<br \/>\nWie sie schrieb, wolle sie einfach nur \u201el-e-b-e-n\u201c.<\/p>\n<p><em>Carmen wird verhaftet<\/em><\/p>\n<p>Leider w\u00e4hrte die Freiheit dann nicht einmal bis zu Silvester; denn wie der SWR und auch die <a href=\"https:\/\/linksunten.indymedia.org\/node\/102743\" target=\"_blank\" rel=\"nofollow\">Lokalpresse<\/a> berichteten, wurde sie unter dem Verdacht einen Supermarkt angez\u00fcndet zu haben, vorl\u00e4ufig festgenommen und dem Haftrichter vorgef\u00fchrt.<\/p>\n<p><em>Bewertung und Ausblick<\/em><\/p>\n<p>Wer nun nur darauf schaut, dass Carmen angeblich einen Supermarkt angez\u00fcndet haben soll, verkennt, dass es die Justiz war, die sie \u00fcber viele Jahre in Isolation sperrte, nur um sie dann auszuspucken und auf die Stra\u00dfe zu setzen. Wie soll ein Mensch sich nach so langer Haft, dazu in Isolation, in eine Gesellschaft einfinden, die er\/sie dann v\u00f6llig ver\u00e4ndert vorfindet, ohne nennenswerte Begleitung und Unterst\u00fctzung (wobei an dieser Stelle auch zu erw\u00e4hnen ist, dass ihr Verteidiger Herr Dr. Ahmed, M\u00fcnchen, sein Bestes getan hat, sie aus der Ferne zu begleiten und Hilfestellung zu geben). Daf\u00fcr durch ein starres Korsett von Schikanen eingeschr\u00e4nkt in der Lebensf\u00fchrung und Lebensqualit\u00e4t.<\/p>\n<p>Haft ist nicht geeignet Menschen die Liebe zum Leben und zur Freiheit einzubl\u00e4uen; Haft beseitigt keine Probleme \u2013 sie schafft vielmehr neue Probleme.<\/p>\n<p>F\u00fcr Carmen sind die Aussichten wenig erbaulich. Sollte sie 2014 tats\u00e4chlich verurteilt werden, so droht ihr eine mehrj\u00e4hrige Haftstrafe und m\u00f6glicherweise die \u2013 erneute \u2013 Unterbringung in der Sicherungsverwahrung, oder in der forensischen Psychiatrie. Es ist zu hoffen, dass ihr <a href=\"http:\/\/www.kanzlei-ahmed.de\" target=\"_blank\">Anwalt<\/a> auch in diesem Verfahren an ihrer Seite stehen und auf die enormen Vers\u00e4umnisse und zumindest ethisch-moralische Mitverantwortlichkeit staatlicher Bediensteter f\u00fcr die nunmehrige Situation hinweisen wird.<\/p>\n<p><em>Thomas Meyer-Falk<br \/>\nc\/o JVA (Sicherungsverwahrung)<br \/>\nHermann-Herder-Str. 8<br \/>\nD-79104 Freiburg<\/em><\/p>\n<p><em><a href=\"http:\/\/www.freedom-for-thomas.de\" target=\"blank\">www.freedom-for-thomas.de<\/a><\/em><br \/>\n<em> <a href=\"http:\/\/www.freedomforthomas.wordpress.com\" target=\"blank\">www.freedomforthomas.wordpress.com <\/a> <\/em><\/p>\n","protected":false},"excerpt":{"rendered":"<p>Erst vor wenigen Tagen berichtete ich von Carmen, die ihre elektronische Fu\u00dffessel durchtrennte und dann untertauchte. Am 30.12.2013 wurde sie nun verhaftet.<\/p>\n","protected":false},"author":3,"featured_media":3457,"comment_status":"closed","ping_status":"open","sticky":false,"template":"","format":"standard","meta":{"_links_to":"","_links_to_target":""},"categories":[36,9],"tags":[627,100,14,106],"_links":{"self":[{"href":"https:\/\/www.abc-berlin.net\/2008\/wp-json\/wp\/v2\/posts\/9837"}],"collection":[{"href":"https:\/\/www.abc-berlin.net\/2008\/wp-json\/wp\/v2\/posts"}],"about":[{"href":"https:\/\/www.abc-berlin.net\/2008\/wp-json\/wp\/v2\/types\/post"}],"author":[{"embeddable":true,"href":"https:\/\/www.abc-berlin.net\/2008\/wp-json\/wp\/v2\/users\/3"}],"replies":[{"embeddable":true,"href":"https:\/\/www.abc-berlin.net\/2008\/wp-json\/wp\/v2\/comments?post=9837"}],"version-history":[{"count":3,"href":"https:\/\/www.abc-berlin.net\/2008\/wp-json\/wp\/v2\/posts\/9837\/revisions"}],"predecessor-version":[{"id":10226,"href":"https:\/\/www.abc-berlin.net\/2008\/wp-json\/wp\/v2\/posts\/9837\/revisions\/10226"}],"wp:featuredmedia":[{"embeddable":true,"href":"https:\/\/www.abc-berlin.net\/2008\/wp-json\/wp\/v2\/media\/3457"}],"wp:attachment":[{"href":"https:\/\/www.abc-berlin.net\/2008\/wp-json\/wp\/v2\/media?parent=9837"}],"wp:term":[{"taxonomy":"category","embeddable":true,"href":"https:\/\/www.abc-berlin.net\/2008\/wp-json\/wp\/v2\/categories?post=9837"},{"taxonomy":"post_tag","embeddable":true,"href":"https:\/\/www.abc-berlin.net\/2008\/wp-json\/wp\/v2\/tags?post=9837"}],"curies":[{"name":"wp","href":"https:\/\/api.w.org\/{rel}","templated":true}]}}