{"id":9947,"date":"2014-01-22T09:12:04","date_gmt":"2014-01-22T08:12:04","guid":{"rendered":"http:\/\/www.abc-berlin.net\/?p=9947"},"modified":"2014-12-24T16:00:41","modified_gmt":"2014-12-24T15:00:41","slug":"waehrend-wir-schweigen-bauen-sie-unseren-kaefig","status":"publish","type":"post","link":"https:\/\/www.abc-berlin.net\/2008\/waehrend-wir-schweigen-bauen-sie-unseren-kaefig","title":{"rendered":"W\u00e4hrend wir schweigen, bauen sie unseren K\u00e4fig!"},"content":{"rendered":"<p><a href=\"http:\/\/www.abc-berlin.net\/wp-content\/uploads\/2014\/01\/Justizzentrum-verhindern.jpg\" rel=\"lightbox[9947]\"><img loading=\"lazy\" class=\"alignright size-medium wp-image-9949\" src=\"http:\/\/www.abc-berlin.net\/wp-content\/uploads\/2014\/01\/Justizzentrum-verhindern-250x52.jpg\" alt=\"Justizzentrum verhindern\" width=\"250\" height=\"52\" srcset=\"https:\/\/www.abc-berlin.net\/2008\/wp-content\/uploads\/2014\/01\/Justizzentrum-verhindern-250x52.jpg 250w, https:\/\/www.abc-berlin.net\/2008\/wp-content\/uploads\/2014\/01\/Justizzentrum-verhindern.jpg 600w\" sizes=\"(max-width: 250px) 100vw, 250px\" \/><\/a><em>\u00fcbernommen von <a href=\"http:\/\/justizzentrumverhindern.noblogs.org\/\" target=\"_blank\">justizzentrumverhindern.noblogs.org<\/a><\/em><\/p>\n<p><span class=\"dropcap\">A<\/span>b 2015 soll mit dem Bau des neuen <i>Straf- und Justizzentrums (SJZ) <\/i>begonnen werden, bis 2019 soll es als festes Fundament am Leonrodplatz stehen. Die Absicht ist klar: Ausweitung der Kontrolle, erleichtertes Verurteilen usw. kurz Dinge, die dem Staat nutzen um gegen seine unbrauchbaren, unerw\u00fcnschten, wilden <i>B\u00fcrger<\/i> oder eben seine <i>Nicht-B\u00fcrger<\/i> zu verfahren. Jeder <i>Sitten-<\/i> und <i>Regelversto\u00df<\/i>, also Gesetzesbruch wird dort verhandelt, jeglicher <i>menschliche<\/i> Konflikt in Akten erstickt und in Zellen gesperrt. Nur weil dieses Monstrum des Verurteilens nicht vor unsere Nase gepflanzt wird, hei\u00dft das nicht, dass es uns nicht betrifft oder sich nicht gegen uns richtet.<\/p>\n<p lang=\"de-DE\" align=\"LEFT\">Egal wo du dich befindest, ob Milbertshofen, Hasenbergl, Neuperlach oder Giesing, das SJZ in Neuhausen wird seinen Schatten \u00fcber ganz M\u00fcnchen werfen und neugierig mit seinen Augen der totalen Kontrolle \u00fcberall hineinblicken. Ob du nun keine Papiere hast, dir dein Essen klaust, weil die Kohle nicht reicht oder du es nicht einsiehst daf\u00fcr zu zahlen, ob du gerne <i>fremde Sachen <\/i>(meist<i> Sachen <\/i>des Staates) versch\u00f6nerst usw., Dinge die du tun <i>musst,<\/i> aber auch die du gerne tun willst, die gegen das heilige Gesetz des Staates versto\u00dfen. Sie lieben es solche wie dich zu verurteilen. Um jeden individuellen und kollektiven Akt der Revolte, jeden Ausbruch aus der freiwilligen Knechtschaft zu bestrafen, wird das SJZ gebaut. Seine Bedrohung uns noch das letzte St\u00fcck <i>Freiheit<\/i> welches wir besitzen, durch die Mauern der Kn\u00e4ste zu rauben, treibt die Meisten in die Resignation, den Zustand der L\u00e4hmung. Das Fortschreiten des Projektes der Herrschaft, die totale Kontrolle, neuste Technologie (ID Chips, Polizeicomputer, Ortungsger\u00e4te, Kameras), sind die logische Konsequenz des Trauerspiels, in welchem sich die Unterdr\u00fcckten selbst die Schlinge um den Hals legen. Ihre Herrschaft wird totaler und perfekter. W\u00e4hrend wir schweigen, gewinnt das Fundament unseres K\u00e4figs immer mehr an Masse und F\u00fclle\u2026<\/p>\n<p lang=\"de-DE\" align=\"LEFT\">\u2026un\u00fcberwindbar soll es werden.<\/p>\n<p>Ich bin kein <i>B\u00fcrger<\/i> eines Staates, ich geh\u00f6re nicht ihm, ich geh\u00f6re mir!<\/p>\n<p lang=\"de-DE\" align=\"LEFT\">Woher nimmt er sich das Recht \u00fcber mich zu urteilen? Woher nimmt er sich das Recht in Konflikte, die die meinigen sind, herein zu platzen, sie mir abzunehmen und als Drittes (die hohe, heilige Instanz) (\u00fcber) mich zu bestimmen, zu urteilen und mich gegebenen Falls weg zu sperren?<\/p>\n<p lang=\"de-DE\" align=\"LEFT\">Er nimmt es sich einfach und macht mit Gewalt ein allgemein g\u00fcltiges Recht draus. So nehme ich mir mein Recht und K\u00e4mpfe mit Gewalt gegen das allgemeine (staatliche) Recht, f\u00fcr mein Recht welches nur f\u00fcr mich und f\u00fcr sonst keinen Anderen gilt.<\/p>\n<p lang=\"de-DE\" align=\"LEFT\">F\u00fcr ein selbstbestimmtes Leben!<\/p>\n<p lang=\"de-DE\" align=\"LEFT\">Das SJZ ist ein weiteres Projekt der Herrschaft, um uns jede Selbstbestimmung zu nehmen und uns als die Seinigen zu behandeln, \u00fcber die es sich stellt und \u00fcber denen es steht.<\/p>\n<p lang=\"de-DE\" align=\"LEFT\">Der Bau des SJZ kann verhindert werden!<\/p>\n<p lang=\"de-DE\" align=\"LEFT\"><i>In einem Kampf gegen das SJZ k\u00f6nnen wir uns selbst erfahren, Beziehungen zuanderen Unterdr\u00fcckten schlagen und den f\u00fcr unsere Unterdr\u00fcckung Verantwortlichen, den an unserer Ausbeutung Beteiligten zeigen, dass sie unerw\u00fcnscht sind und sich aus unserem Leben verpissen sollen. <\/i><\/p>\n<p lang=\"de-DE\" align=\"LEFT\"><i>Verwandeln wir den Kampf gegen das SJZ in ein vielf\u00e4ltiges Laboratorium in dem wir mit Beziehungen experimentieren, die Mittel im Kampf selbst w\u00e4hlen und uns selbst organisieren. Auf dass der Funke der unbeugsamen Revolte die ganze Stadt entflammt und uns neue Perspektiven erm\u00f6glicht.<br \/>\n<\/i><\/p>\n<p lang=\"de-DE\" align=\"LEFT\"><i>Sammeln wir Erfahrungen und lassen unserer Kreativit\u00e4t und Phantasie freien Lauf\u2026<\/i><\/p>\n","protected":false},"excerpt":{"rendered":"<p>Ab 2015 soll mit dem Bau des neuen Straf- und Justizzentrums (SJZ) begonnen werden, bis 2019 soll es als festes Fundament am Leonrodplatz stehen.<\/p>\n","protected":false},"author":3,"featured_media":10379,"comment_status":"closed","ping_status":"open","sticky":false,"template":"","format":"standard","meta":{"_links_to":"","_links_to_target":""},"categories":[36,462],"tags":[374,74,185,651],"_links":{"self":[{"href":"https:\/\/www.abc-berlin.net\/2008\/wp-json\/wp\/v2\/posts\/9947"}],"collection":[{"href":"https:\/\/www.abc-berlin.net\/2008\/wp-json\/wp\/v2\/posts"}],"about":[{"href":"https:\/\/www.abc-berlin.net\/2008\/wp-json\/wp\/v2\/types\/post"}],"author":[{"embeddable":true,"href":"https:\/\/www.abc-berlin.net\/2008\/wp-json\/wp\/v2\/users\/3"}],"replies":[{"embeddable":true,"href":"https:\/\/www.abc-berlin.net\/2008\/wp-json\/wp\/v2\/comments?post=9947"}],"version-history":[{"count":8,"href":"https:\/\/www.abc-berlin.net\/2008\/wp-json\/wp\/v2\/posts\/9947\/revisions"}],"predecessor-version":[{"id":10159,"href":"https:\/\/www.abc-berlin.net\/2008\/wp-json\/wp\/v2\/posts\/9947\/revisions\/10159"}],"wp:featuredmedia":[{"embeddable":true,"href":"https:\/\/www.abc-berlin.net\/2008\/wp-json\/wp\/v2\/media\/10379"}],"wp:attachment":[{"href":"https:\/\/www.abc-berlin.net\/2008\/wp-json\/wp\/v2\/media?parent=9947"}],"wp:term":[{"taxonomy":"category","embeddable":true,"href":"https:\/\/www.abc-berlin.net\/2008\/wp-json\/wp\/v2\/categories?post=9947"},{"taxonomy":"post_tag","embeddable":true,"href":"https:\/\/www.abc-berlin.net\/2008\/wp-json\/wp\/v2\/tags?post=9947"}],"curies":[{"name":"wp","href":"https:\/\/api.w.org\/{rel}","templated":true}]}}