{"id":9968,"date":"2014-04-04T18:52:06","date_gmt":"2014-04-04T17:52:06","guid":{"rendered":"http:\/\/www.abc-berlin.net\/?p=9968"},"modified":"2015-01-02T09:28:53","modified_gmt":"2015-01-02T08:28:53","slug":"in-eigener-sache","status":"publish","type":"post","link":"https:\/\/www.abc-berlin.net\/2008\/in-eigener-sache","title":{"rendered":"In eigener Sache"},"content":{"rendered":"<p><a href=\"http:\/\/www.abc-berlin.net\/wp-content\/uploads\/2014\/10\/abc.gif\" rel=\"lightbox[9968]\"><img loading=\"lazy\" class=\"alignright  wp-image-10124\" src=\"http:\/\/www.abc-berlin.net\/wp-content\/uploads\/2014\/10\/abc-175x250.gif\" alt=\"abc\" width=\"142\" height=\"202\" srcset=\"https:\/\/www.abc-berlin.net\/2008\/wp-content\/uploads\/2014\/10\/abc-175x250.gif 175w, https:\/\/www.abc-berlin.net\/2008\/wp-content\/uploads\/2014\/10\/abc-420x600.gif 420w\" sizes=\"(max-width: 142px) 100vw, 142px\" \/><\/a><span class=\"dropcap\">W<\/span>ie einigen schon aufgefallen sein d\u00fcrfte, ist es in letzter Zeit etwas ruhiger um uns geworden.<br \/>\nDiese Website wurde seit langem nicht mehr aktualisiert, viele Mails lagen eine Weile unbeantwortet in unseren Postfach, unsere Aktivit\u00e4ten haben sich generell sehr eingeschr\u00e4nkt und Zusagen wurde oft nicht nachgegangen.<\/p>\n<p>Daf\u00fcr gibt es mehrere Gr\u00fcnde, aber vor allem eins: nach vielen Jahren intensiver Antiknastarbeit brauchen wir Zeit, um \u00fcber dieses Projekt zu reflektieren. Sicherlich w\u00e4re es nochmal besser gewesen, diese Zeilen vor ein paar Monaten ver\u00f6ffentlicht zu haben, um allen mitzuteilen, was gerade bei uns Stand der Dinge ist.<br \/>\nDenn es ist uns wichtig allen Menschen, die uns w\u00e4hrend der Jahre auf unterschiedliche Art und Weise unterst\u00fctzt haben, nicht das Gef\u00fchl zu geben, dass wir einfach klanglos von der politischen Bildfl\u00e4che verschwinden w\u00fcrden ohne uns zu melden.<\/p>\n<p>Wir wissen noch nicht wie lange dieser \u201eRuhestand\u201c dauern wird, w\u00e4hrenddessen sind wir weiterhin per Mail oder auf dem klassischen Postweg zu erreichen und wir werden uns soweit es geht darum k\u00fcmmern Anfragen zu beantworten.<\/p>\n<p>F\u00fcr die Zeit verweisen wir auf die anderen europ\u00e4ischen ABC-Gruppen, die Rote Hilfe und die unz\u00e4hligen Blogs, welche die neuesten Updates von Gefangenen, ihren K\u00e4mpfe und der Knastwelt verbreiten.<\/p>\n<p>Immer noch f\u00fcr eine Gesellschaft ohne Kn\u00e4ste<\/p>\n<p>eure ABClerInnen<\/p>\n","protected":false},"excerpt":{"rendered":"<p>Wie einigen schon aufgefallen sein d\u00fcrfte, ist es in letzter Zeit etwas ruhiger um uns geworden. Diese Website wurde seit langem nicht mehr aktualisiert, viele Mails lagen eine Weile unbeantwortet in unseren Postfach, unsere Aktivit\u00e4ten haben sich generell sehr eingeschr\u00e4nkt und Zusagen wurde oft nicht nachgegangen.<\/p>\n","protected":false},"author":3,"featured_media":10364,"comment_status":"closed","ping_status":"open","sticky":false,"template":"","format":"standard","meta":{"_links_to":"","_links_to_target":""},"categories":[1],"tags":[263],"_links":{"self":[{"href":"https:\/\/www.abc-berlin.net\/2008\/wp-json\/wp\/v2\/posts\/9968"}],"collection":[{"href":"https:\/\/www.abc-berlin.net\/2008\/wp-json\/wp\/v2\/posts"}],"about":[{"href":"https:\/\/www.abc-berlin.net\/2008\/wp-json\/wp\/v2\/types\/post"}],"author":[{"embeddable":true,"href":"https:\/\/www.abc-berlin.net\/2008\/wp-json\/wp\/v2\/users\/3"}],"replies":[{"embeddable":true,"href":"https:\/\/www.abc-berlin.net\/2008\/wp-json\/wp\/v2\/comments?post=9968"}],"version-history":[{"count":11,"href":"https:\/\/www.abc-berlin.net\/2008\/wp-json\/wp\/v2\/posts\/9968\/revisions"}],"predecessor-version":[{"id":10652,"href":"https:\/\/www.abc-berlin.net\/2008\/wp-json\/wp\/v2\/posts\/9968\/revisions\/10652"}],"wp:featuredmedia":[{"embeddable":true,"href":"https:\/\/www.abc-berlin.net\/2008\/wp-json\/wp\/v2\/media\/10364"}],"wp:attachment":[{"href":"https:\/\/www.abc-berlin.net\/2008\/wp-json\/wp\/v2\/media?parent=9968"}],"wp:term":[{"taxonomy":"category","embeddable":true,"href":"https:\/\/www.abc-berlin.net\/2008\/wp-json\/wp\/v2\/categories?post=9968"},{"taxonomy":"post_tag","embeddable":true,"href":"https:\/\/www.abc-berlin.net\/2008\/wp-json\/wp\/v2\/tags?post=9968"}],"curies":[{"name":"wp","href":"https:\/\/api.w.org\/{rel}","templated":true}]}}